{"id":519,"date":"2020-08-23T02:47:00","date_gmt":"2020-08-23T05:47:00","guid":{"rendered":"https:\/\/seminarioconcordia.com.br\/site\/?p=519"},"modified":"2022-01-11T21:22:31","modified_gmt":"2022-01-11T23:22:31","slug":"alunos-do-seminario-concordia-participam-de-acao-da-pastoral-da-ulbra","status":"publish","type":"post","link":"https:\/\/seminarioconcordia.com.br\/site\/2020\/08\/23\/alunos-do-seminario-concordia-participam-de-acao-da-pastoral-da-ulbra\/","title":{"rendered":"Alunos do Semin\u00e1rio Conc\u00f3rdia participam de a\u00e7\u00e3o da pastoral da Ulbra"},"content":{"rendered":"\n<div class=\"wp-block-image\"><figure class=\"aligncenter size-large is-resized\"><img loading=\"lazy\" decoding=\"async\" src=\"https:\/\/seminarioconcordia.com.br\/site\/wp-content\/uploads\/2022\/01\/acao-1024x683.jpg\" alt=\"\" class=\"wp-image-520\" width=\"768\" height=\"512\" srcset=\"https:\/\/seminarioconcordia.com.br\/site\/wp-content\/uploads\/2022\/01\/acao-1024x683.jpg 1024w, https:\/\/seminarioconcordia.com.br\/site\/wp-content\/uploads\/2022\/01\/acao-300x200.jpg 300w, https:\/\/seminarioconcordia.com.br\/site\/wp-content\/uploads\/2022\/01\/acao-150x100.jpg 150w, https:\/\/seminarioconcordia.com.br\/site\/wp-content\/uploads\/2022\/01\/acao-768x512.jpg 768w, https:\/\/seminarioconcordia.com.br\/site\/wp-content\/uploads\/2022\/01\/acao-1536x1024.jpg 1536w, https:\/\/seminarioconcordia.com.br\/site\/wp-content\/uploads\/2022\/01\/acao-2048x1365.jpg 2048w\" sizes=\"auto, (max-width: 768px) 100vw, 768px\" \/><\/figure><\/div>\n\n\n\n<p>No dia 22 de agosto de 2020, a pastoral Universit\u00e1ria da ULBRA, campus Canoas, juntamente com o setor de Humaniza\u00e7\u00e3o, prestou uma grande homenagem aos profissionais da sa\u00fade que atuam no Hospital Universit\u00e1rio de Canoas (HU). No estacionamento ao lado do HU a banda &#8220;Somos Um&#8221;, formada pelos estudantes&nbsp;Nathan F. Hoffmann, Jo\u00e3o P. Caboclo Chaves e Ruan S. Faller, se apresentaram com m\u00fasicas e can\u00e7\u00f5es de consolo em Jesus Cristo \u00e0s pessoas e de louvor a Deus. \u201cAl\u00e9m do estresse e cansa\u00e7o do trabalho, muitos funcion\u00e1rios do HU estavam de quarentena e isolados no ambiente de trabalho e dos seus amigos e familiares e isso nos levou a fazer essa mensagem atrav\u00e9s da a\u00e7\u00e3o da pastoral para que eles se sintam conhecidos e para estimular, mostrando que h\u00e1 pessoas que est\u00e3o junto com eles, que est\u00e3o reconhecendo o seu trabalho e que est\u00e3o presentes para dar muita for\u00e7a a eles\u201d, afirmou o Rev. Daison Neutzling, pastor capel\u00e3o do HU.<\/p>\n","protected":false},"excerpt":{"rendered":"<p>No dia 22 de agosto de 2020, a pastoral Universit\u00e1ria da ULBRA, campus Canoas, juntamente com o setor de Humaniza\u00e7\u00e3o, prestou uma grande homenagem aos profissionais da sa\u00fade que atuam&#8230;<\/p>\n","protected":false},"author":1,"featured_media":520,"comment_status":"closed","ping_status":"closed","sticky":false,"template":"","format":"standard","meta":{"footnotes":""},"categories":[20],"tags":[17,19,18],"class_list":["post-519","post","type-post","status-publish","format-standard","has-post-thumbnail","hentry","category-acao","tag-acao","tag-homenagem","tag-quarentena"],"_links":{"self":[{"href":"https:\/\/seminarioconcordia.com.br\/site\/wp-json\/wp\/v2\/posts\/519","targetHints":{"allow":["GET"]}}],"collection":[{"href":"https:\/\/seminarioconcordia.com.br\/site\/wp-json\/wp\/v2\/posts"}],"about":[{"href":"https:\/\/seminarioconcordia.com.br\/site\/wp-json\/wp\/v2\/types\/post"}],"author":[{"embeddable":true,"href":"https:\/\/seminarioconcordia.com.br\/site\/wp-json\/wp\/v2\/users\/1"}],"replies":[{"embeddable":true,"href":"https:\/\/seminarioconcordia.com.br\/site\/wp-json\/wp\/v2\/comments?post=519"}],"version-history":[{"count":3,"href":"https:\/\/seminarioconcordia.com.br\/site\/wp-json\/wp\/v2\/posts\/519\/revisions"}],"predecessor-version":[{"id":690,"href":"https:\/\/seminarioconcordia.com.br\/site\/wp-json\/wp\/v2\/posts\/519\/revisions\/690"}],"wp:featuredmedia":[{"embeddable":true,"href":"https:\/\/seminarioconcordia.com.br\/site\/wp-json\/wp\/v2\/media\/520"}],"wp:attachment":[{"href":"https:\/\/seminarioconcordia.com.br\/site\/wp-json\/wp\/v2\/media?parent=519"}],"wp:term":[{"taxonomy":"category","embeddable":true,"href":"https:\/\/seminarioconcordia.com.br\/site\/wp-json\/wp\/v2\/categories?post=519"},{"taxonomy":"post_tag","embeddable":true,"href":"https:\/\/seminarioconcordia.com.br\/site\/wp-json\/wp\/v2\/tags?post=519"}],"curies":[{"name":"wp","href":"https:\/\/api.w.org\/{rel}","templated":true}]}}