{"id":513,"date":"2020-08-22T02:37:00","date_gmt":"2020-08-22T05:37:00","guid":{"rendered":"https:\/\/seminarioconcordia.com.br\/site\/?p=513"},"modified":"2022-01-11T21:21:55","modified_gmt":"2022-01-11T23:21:55","slug":"eleito-o-novo-diretor-do-centro-educacional-concordia","status":"publish","type":"post","link":"https:\/\/seminarioconcordia.com.br\/site\/2020\/08\/22\/eleito-o-novo-diretor-do-centro-educacional-concordia\/","title":{"rendered":"Eleito o novo diretor do Centro Educacional Conc\u00f3rdia"},"content":{"rendered":"\n<div class=\"wp-block-image\"><figure class=\"aligncenter size-large is-resized\"><img loading=\"lazy\" decoding=\"async\" src=\"https:\/\/seminarioconcordia.com.br\/site\/wp-content\/uploads\/2022\/01\/REV_PROF_DR_GERSON_LINDEN__ELEITO_NOVO_DIRETOR_DO_CENTRO_EDUCACIONAL_CONCRDIA-724x1024.png\" alt=\"\" class=\"wp-image-514\" width=\"362\" height=\"512\" srcset=\"https:\/\/seminarioconcordia.com.br\/site\/wp-content\/uploads\/2022\/01\/REV_PROF_DR_GERSON_LINDEN__ELEITO_NOVO_DIRETOR_DO_CENTRO_EDUCACIONAL_CONCRDIA-724x1024.png 724w, https:\/\/seminarioconcordia.com.br\/site\/wp-content\/uploads\/2022\/01\/REV_PROF_DR_GERSON_LINDEN__ELEITO_NOVO_DIRETOR_DO_CENTRO_EDUCACIONAL_CONCRDIA-212x300.png 212w, https:\/\/seminarioconcordia.com.br\/site\/wp-content\/uploads\/2022\/01\/REV_PROF_DR_GERSON_LINDEN__ELEITO_NOVO_DIRETOR_DO_CENTRO_EDUCACIONAL_CONCRDIA-106x150.png 106w, https:\/\/seminarioconcordia.com.br\/site\/wp-content\/uploads\/2022\/01\/REV_PROF_DR_GERSON_LINDEN__ELEITO_NOVO_DIRETOR_DO_CENTRO_EDUCACIONAL_CONCRDIA-768x1086.png 768w, https:\/\/seminarioconcordia.com.br\/site\/wp-content\/uploads\/2022\/01\/REV_PROF_DR_GERSON_LINDEN__ELEITO_NOVO_DIRETOR_DO_CENTRO_EDUCACIONAL_CONCRDIA-1086x1536.png 1086w, https:\/\/seminarioconcordia.com.br\/site\/wp-content\/uploads\/2022\/01\/REV_PROF_DR_GERSON_LINDEN__ELEITO_NOVO_DIRETOR_DO_CENTRO_EDUCACIONAL_CONCRDIA-1448x2048.png 1448w, https:\/\/seminarioconcordia.com.br\/site\/wp-content\/uploads\/2022\/01\/REV_PROF_DR_GERSON_LINDEN__ELEITO_NOVO_DIRETOR_DO_CENTRO_EDUCACIONAL_CONCRDIA.png 1587w\" sizes=\"auto, (max-width: 362px) 100vw, 362px\" \/><\/figure><\/div>\n\n\n\n<p>Nesta manh\u00e3 de 22\/8\/20 na reuni\u00e3o do Departamento de Ensino da IELB foi eleito como Diretor do Centro Educacional Conc\u00f3rdia e do Semin\u00e1rio o Professor Dr. Gerson Luis Linden, para a gest\u00e3o 2021-2024. Toda a Fam\u00edlia Concordiana o cumprimenta desejando ricas b\u00ean\u00e7\u00e3os de Deus.<\/p>\n","protected":false},"excerpt":{"rendered":"<p>Nesta manh\u00e3 de 22\/8\/20 na reuni\u00e3o do Departamento de Ensino da IELB foi eleito como Diretor do Centro Educacional Conc\u00f3rdia e do Semin\u00e1rio o Professor Dr. Gerson Luis Linden, para a gest\u00e3o 2021&#8230;. <\/p>\n","protected":false},"author":1,"featured_media":514,"comment_status":"closed","ping_status":"closed","sticky":false,"template":"","format":"standard","meta":{"footnotes":""},"categories":[5],"tags":[15,14,16],"class_list":["post-513","post","type-post","status-publish","format-standard","has-post-thumbnail","hentry","category-eventos","tag-direcao","tag-diretor","tag-eleito"],"_links":{"self":[{"href":"https:\/\/seminarioconcordia.com.br\/site\/wp-json\/wp\/v2\/posts\/513","targetHints":{"allow":["GET"]}}],"collection":[{"href":"https:\/\/seminarioconcordia.com.br\/site\/wp-json\/wp\/v2\/posts"}],"about":[{"href":"https:\/\/seminarioconcordia.com.br\/site\/wp-json\/wp\/v2\/types\/post"}],"author":[{"embeddable":true,"href":"https:\/\/seminarioconcordia.com.br\/site\/wp-json\/wp\/v2\/users\/1"}],"replies":[{"embeddable":true,"href":"https:\/\/seminarioconcordia.com.br\/site\/wp-json\/wp\/v2\/comments?post=513"}],"version-history":[{"count":12,"href":"https:\/\/seminarioconcordia.com.br\/site\/wp-json\/wp\/v2\/posts\/513\/revisions"}],"predecessor-version":[{"id":689,"href":"https:\/\/seminarioconcordia.com.br\/site\/wp-json\/wp\/v2\/posts\/513\/revisions\/689"}],"wp:featuredmedia":[{"embeddable":true,"href":"https:\/\/seminarioconcordia.com.br\/site\/wp-json\/wp\/v2\/media\/514"}],"wp:attachment":[{"href":"https:\/\/seminarioconcordia.com.br\/site\/wp-json\/wp\/v2\/media?parent=513"}],"wp:term":[{"taxonomy":"category","embeddable":true,"href":"https:\/\/seminarioconcordia.com.br\/site\/wp-json\/wp\/v2\/categories?post=513"},{"taxonomy":"post_tag","embeddable":true,"href":"https:\/\/seminarioconcordia.com.br\/site\/wp-json\/wp\/v2\/tags?post=513"}],"curies":[{"name":"wp","href":"https:\/\/api.w.org\/{rel}","templated":true}]}}