{"id":510,"date":"2020-08-20T02:31:00","date_gmt":"2020-08-20T05:31:00","guid":{"rendered":"https:\/\/seminarioconcordia.com.br\/site\/?p=510"},"modified":"2022-01-11T21:42:40","modified_gmt":"2022-01-11T23:42:40","slug":"seminario-concordia-e-ulbra-iniciam-as-atividades-do-semestre","status":"publish","type":"post","link":"https:\/\/seminarioconcordia.com.br\/site\/2020\/08\/20\/seminario-concordia-e-ulbra-iniciam-as-atividades-do-semestre\/","title":{"rendered":"Semin\u00e1rio Conc\u00f3rdia e Ulbra iniciam as atividades do semestre"},"content":{"rendered":"\n<div class=\"wp-block-image\"><figure class=\"aligncenter size-large is-resized\"><img loading=\"lazy\" decoding=\"async\" src=\"https:\/\/seminarioconcordia.com.br\/site\/wp-content\/uploads\/2022\/01\/Aula-do-Prof.-Raul-Blum-de-Musica-II-com-o-T1-1024x575.jpeg\" alt=\"\" class=\"wp-image-511\" width=\"840\" height=\"471\" srcset=\"https:\/\/seminarioconcordia.com.br\/site\/wp-content\/uploads\/2022\/01\/Aula-do-Prof.-Raul-Blum-de-Musica-II-com-o-T1-1024x575.jpeg 1024w, https:\/\/seminarioconcordia.com.br\/site\/wp-content\/uploads\/2022\/01\/Aula-do-Prof.-Raul-Blum-de-Musica-II-com-o-T1-300x169.jpeg 300w, https:\/\/seminarioconcordia.com.br\/site\/wp-content\/uploads\/2022\/01\/Aula-do-Prof.-Raul-Blum-de-Musica-II-com-o-T1-150x84.jpeg 150w, https:\/\/seminarioconcordia.com.br\/site\/wp-content\/uploads\/2022\/01\/Aula-do-Prof.-Raul-Blum-de-Musica-II-com-o-T1-768x431.jpeg 768w, https:\/\/seminarioconcordia.com.br\/site\/wp-content\/uploads\/2022\/01\/Aula-do-Prof.-Raul-Blum-de-Musica-II-com-o-T1.jpeg 1280w\" sizes=\"auto, (max-width: 840px) 100vw, 840px\" \/><\/figure><\/div>\n\n\n\n<p class=\"has-normal-font-size\">Aulas ser\u00e3o no formato on-line<\/p>\n\n\n\n<p class=\"has-normal-font-size\">Nesta \u00faltima segunda-feira, 03\/08, iniciaram-se as aulas de teologia no Semin\u00e1rio Conc\u00f3rdia e na ULBRA (Universidade Luterana do Brasil). Por conta da pandemia, as aulas neste semestre ocorrer\u00e3o de forma on-line, com o uso do Google Meet, um servi\u00e7o de comunica\u00e7\u00e3o por v\u00eddeo desenvolvido pelo Google.<\/p>\n\n\n\n<p class=\"has-normal-font-size\">Para a realiza\u00e7\u00e3o dos pr\u00e9-est\u00e1gios, os alunos est\u00e3o sendo orientados a realizarem na modalidade on-line nas suas congrega\u00e7\u00f5es de origem ou nas congrega\u00e7\u00f5es da regi\u00e3o onde se encontra o Semin\u00e1rio.<\/p>\n\n\n\n<p class=\"has-normal-font-size\">Nos meses de julho e agosto os professores estar\u00e3o fazendo a avalia\u00e7\u00e3o dos estagi\u00e1rios tamb\u00e9m com o uso do google meet, conversando com o pastor orientador, em outro momento com o estudante e num outro momento com l\u00edderes da par\u00f3quia.<\/p>\n\n\n\n<p class=\"has-normal-font-size\">Dos 67 alunos solteiros, a maioria foi para a casa de familiares. Dos 29 casados, 27 permanecem no campus, pois aqui est\u00e3o suas moradias. As funcion\u00e1rias da secret\u00e1ria est\u00e3o trabalhando por revezamento presencial e home office, e os servi\u00e7os de limpeza, lavanderia, refeit\u00f3rio e biblioteca est\u00e3o sendo realizados com equipe reduzida, no sistema de revezamento.<\/p>\n\n\n\n<p class=\"has-normal-font-size\">Nossa ora\u00e7\u00e3o \u00e9 de que o misericordioso Deus aben\u00e7oe a todos neste semestre e, se for da vontade dele, nos livre desta pandemia.<\/p>\n","protected":false},"excerpt":{"rendered":"<p>Nesta \u00faltima segunda-feira, 03\/08, iniciaram-se as aulas de teologia no Semin\u00e1rio Conc\u00f3rdia e na ULBRA (Universidade Luterana do Brasil). Por conta da pandemia, as aulas neste semestre ocorrer\u00e3o&#8230; <\/p>\n","protected":false},"author":1,"featured_media":511,"comment_status":"closed","ping_status":"closed","sticky":false,"template":"","format":"standard","meta":{"footnotes":""},"categories":[6],"tags":[11,13,12],"class_list":["post-510","post","type-post","status-publish","format-standard","has-post-thumbnail","hentry","category-aulas","tag-aulas","tag-on-line","tag-ulbra"],"_links":{"self":[{"href":"https:\/\/seminarioconcordia.com.br\/site\/wp-json\/wp\/v2\/posts\/510","targetHints":{"allow":["GET"]}}],"collection":[{"href":"https:\/\/seminarioconcordia.com.br\/site\/wp-json\/wp\/v2\/posts"}],"about":[{"href":"https:\/\/seminarioconcordia.com.br\/site\/wp-json\/wp\/v2\/types\/post"}],"author":[{"embeddable":true,"href":"https:\/\/seminarioconcordia.com.br\/site\/wp-json\/wp\/v2\/users\/1"}],"replies":[{"embeddable":true,"href":"https:\/\/seminarioconcordia.com.br\/site\/wp-json\/wp\/v2\/comments?post=510"}],"version-history":[{"count":6,"href":"https:\/\/seminarioconcordia.com.br\/site\/wp-json\/wp\/v2\/posts\/510\/revisions"}],"predecessor-version":[{"id":709,"href":"https:\/\/seminarioconcordia.com.br\/site\/wp-json\/wp\/v2\/posts\/510\/revisions\/709"}],"wp:featuredmedia":[{"embeddable":true,"href":"https:\/\/seminarioconcordia.com.br\/site\/wp-json\/wp\/v2\/media\/511"}],"wp:attachment":[{"href":"https:\/\/seminarioconcordia.com.br\/site\/wp-json\/wp\/v2\/media?parent=510"}],"wp:term":[{"taxonomy":"category","embeddable":true,"href":"https:\/\/seminarioconcordia.com.br\/site\/wp-json\/wp\/v2\/categories?post=510"},{"taxonomy":"post_tag","embeddable":true,"href":"https:\/\/seminarioconcordia.com.br\/site\/wp-json\/wp\/v2\/tags?post=510"}],"curies":[{"name":"wp","href":"https:\/\/api.w.org\/{rel}","templated":true}]}}