{"id":4116,"date":"2023-12-15T14:35:24","date_gmt":"2023-12-15T17:35:24","guid":{"rendered":"https:\/\/seminarioconcordia.com.br\/site\/?p=4116"},"modified":"2023-12-15T14:35:24","modified_gmt":"2023-12-15T17:35:24","slug":"revista-igreja-luterana-2-2023","status":"publish","type":"post","link":"https:\/\/seminarioconcordia.com.br\/site\/2023\/12\/15\/revista-igreja-luterana-2-2023\/","title":{"rendered":"REVISTA IGREJA LUTERANA 2\/2023"},"content":{"rendered":"\n<p>&nbsp;&nbsp;&nbsp;&nbsp;&nbsp;&nbsp;&nbsp;&nbsp;&nbsp;&nbsp;&nbsp; <\/p>\n\n\n\n<p>Confira a segunda edi\u00e7\u00e3o de 2023 da Revista de Teologia do Semin\u00e1rio Conc\u00f3rdia, de S\u00e3o Leopoldo, RS (<a href=\"http:\/\/www.revistaigrejaluterana.com.br\/index.php\/revista\/issue\/view\/12\" target=\"_blank\" rel=\"noreferrer noopener\">acesse aqui<\/a>). Os autores dos artigos s\u00e3o pastores e professores da Igreja Evang\u00e9lica Luterana do Brasil (IELB). O foco principal \u00e9 publicar artigos teol\u00f3gicos de interesse de pastores, te\u00f3logos, estudantes e demais crist\u00e3os interessados em se familiarizar ou se aprofundar na pesquisa teol\u00f3gica.<\/p>\n\n\n\n<p>Conhe\u00e7a mais sobre a Revista Igreja Luterana (<a href=\"http:\/\/revistaigrejaluterana.com.br\/index.php\/revista\" target=\"_blank\" rel=\"noreferrer noopener\">veja aqui<\/a>).<\/p>\n\n\n\n<figure class=\"wp-block-image size-full\"><img loading=\"lazy\" decoding=\"async\" width=\"800\" height=\"800\" src=\"https:\/\/seminarioconcordia.com.br\/site\/wp-content\/uploads\/2023\/12\/capa-revista-sc.png\" alt=\"\" class=\"wp-image-4117\" srcset=\"https:\/\/seminarioconcordia.com.br\/site\/wp-content\/uploads\/2023\/12\/capa-revista-sc.png 800w, https:\/\/seminarioconcordia.com.br\/site\/wp-content\/uploads\/2023\/12\/capa-revista-sc-300x300.png 300w, https:\/\/seminarioconcordia.com.br\/site\/wp-content\/uploads\/2023\/12\/capa-revista-sc-150x150.png 150w, https:\/\/seminarioconcordia.com.br\/site\/wp-content\/uploads\/2023\/12\/capa-revista-sc-768x768.png 768w\" sizes=\"auto, (max-width: 800px) 100vw, 800px\" \/><\/figure>\n","protected":false},"excerpt":{"rendered":"<p>Edi\u00e7\u00e3o especial com os estudos do 9\u00ba Simp\u00f3sio Internacional de Lutero em S\u00e3o Leopoldo<\/p>\n","protected":false},"author":2,"featured_media":4117,"comment_status":"closed","ping_status":"closed","sticky":false,"template":"","format":"standard","meta":{"footnotes":""},"categories":[74,7,78,92,88],"tags":[27,144,34,129,49,124,161],"class_list":["post-4116","post","type-post","status-publish","format-standard","has-post-thumbnail","hentry","category-alunos","category-artigos","category-graduacao","category-professor","category-revista-igreja-luterana","tag-alunos","tag-estudantes","tag-formatura","tag-professores","tag-seminario","tag-seminaristas","tag-simposio-2"],"_links":{"self":[{"href":"https:\/\/seminarioconcordia.com.br\/site\/wp-json\/wp\/v2\/posts\/4116","targetHints":{"allow":["GET"]}}],"collection":[{"href":"https:\/\/seminarioconcordia.com.br\/site\/wp-json\/wp\/v2\/posts"}],"about":[{"href":"https:\/\/seminarioconcordia.com.br\/site\/wp-json\/wp\/v2\/types\/post"}],"author":[{"embeddable":true,"href":"https:\/\/seminarioconcordia.com.br\/site\/wp-json\/wp\/v2\/users\/2"}],"replies":[{"embeddable":true,"href":"https:\/\/seminarioconcordia.com.br\/site\/wp-json\/wp\/v2\/comments?post=4116"}],"version-history":[{"count":1,"href":"https:\/\/seminarioconcordia.com.br\/site\/wp-json\/wp\/v2\/posts\/4116\/revisions"}],"predecessor-version":[{"id":4118,"href":"https:\/\/seminarioconcordia.com.br\/site\/wp-json\/wp\/v2\/posts\/4116\/revisions\/4118"}],"wp:featuredmedia":[{"embeddable":true,"href":"https:\/\/seminarioconcordia.com.br\/site\/wp-json\/wp\/v2\/media\/4117"}],"wp:attachment":[{"href":"https:\/\/seminarioconcordia.com.br\/site\/wp-json\/wp\/v2\/media?parent=4116"}],"wp:term":[{"taxonomy":"category","embeddable":true,"href":"https:\/\/seminarioconcordia.com.br\/site\/wp-json\/wp\/v2\/categories?post=4116"},{"taxonomy":"post_tag","embeddable":true,"href":"https:\/\/seminarioconcordia.com.br\/site\/wp-json\/wp\/v2\/tags?post=4116"}],"curies":[{"name":"wp","href":"https:\/\/api.w.org\/{rel}","templated":true}]}}