{"id":4102,"date":"2023-12-15T12:16:09","date_gmt":"2023-12-15T15:16:09","guid":{"rendered":"https:\/\/seminarioconcordia.com.br\/site\/?p=4102"},"modified":"2023-12-15T12:16:09","modified_gmt":"2023-12-15T15:16:09","slug":"formatura-2023","status":"publish","type":"post","link":"https:\/\/seminarioconcordia.com.br\/site\/2023\/12\/15\/formatura-2023\/","title":{"rendered":"FORMATURA 2023"},"content":{"rendered":"\n<p>&nbsp;&nbsp;&nbsp;&nbsp;&nbsp;&nbsp;&nbsp;&nbsp;&nbsp;&nbsp;&nbsp; <\/p>\n\n\n\n<p><\/p>\n\n\n\n<p>No dia 9 de dezembro, aconteceu, no campus do Semin\u00e1rio Conc\u00f3rdia, de S\u00e3o Leopoldo, RS, o ato solene de formatura de Habilita\u00e7\u00e3o para o Minist\u00e9rio Pastoral.<\/p>\n\n\n\n<figure class=\"wp-block-image size-full\"><img loading=\"lazy\" decoding=\"async\" width=\"800\" height=\"533\" src=\"https:\/\/seminarioconcordia.com.br\/site\/wp-content\/uploads\/2023\/12\/formatura-2023-2.jpg\" alt=\"\" class=\"wp-image-4113\" srcset=\"https:\/\/seminarioconcordia.com.br\/site\/wp-content\/uploads\/2023\/12\/formatura-2023-2.jpg 800w, https:\/\/seminarioconcordia.com.br\/site\/wp-content\/uploads\/2023\/12\/formatura-2023-2-300x200.jpg 300w, https:\/\/seminarioconcordia.com.br\/site\/wp-content\/uploads\/2023\/12\/formatura-2023-2-150x100.jpg 150w, https:\/\/seminarioconcordia.com.br\/site\/wp-content\/uploads\/2023\/12\/formatura-2023-2-768x512.jpg 768w\" sizes=\"auto, (max-width: 800px) 100vw, 800px\" \/><\/figure>\n\n\n\n<p>O culto teve como liturgista o professor Francis Hoffmann, e como pregador, o professor Leon\u00eddio Schulz G\u00f6rl, paraninfo da turma, que baseou sua mensagem nas palavras do lema dos formandos: \u201cAinda congregarei outros aos que j\u00e1 se acham reunidos\u201d (Is 56.8b).<\/p>\n\n\n\n<figure class=\"wp-block-image size-full\"><img loading=\"lazy\" decoding=\"async\" width=\"800\" height=\"533\" src=\"https:\/\/seminarioconcordia.com.br\/site\/wp-content\/uploads\/2023\/12\/formatura-2023-4.jpg\" alt=\"\" class=\"wp-image-4111\" srcset=\"https:\/\/seminarioconcordia.com.br\/site\/wp-content\/uploads\/2023\/12\/formatura-2023-4.jpg 800w, https:\/\/seminarioconcordia.com.br\/site\/wp-content\/uploads\/2023\/12\/formatura-2023-4-300x200.jpg 300w, https:\/\/seminarioconcordia.com.br\/site\/wp-content\/uploads\/2023\/12\/formatura-2023-4-150x100.jpg 150w, https:\/\/seminarioconcordia.com.br\/site\/wp-content\/uploads\/2023\/12\/formatura-2023-4-768x512.jpg 768w\" sizes=\"auto, (max-width: 800px) 100vw, 800px\" \/><\/figure>\n\n\n\n<p>Neste culto, tamb\u00e9m foi concedido o t\u00edtulo de professor em\u00e9rito ao pastor Walter\u00a0Otmar\u00a0Steyer. Os formandos prestaram homenagem ao paraninfo, ao diretor do Semin\u00e1rio, professor Gerson Linden, e ao professor Cl\u00f3vis Prunzel, bem como ao funcion\u00e1rio Ildo Jos\u00e9 Colling.<\/p>\n\n\n\n<figure class=\"wp-block-image size-full\"><img loading=\"lazy\" decoding=\"async\" width=\"800\" height=\"533\" src=\"https:\/\/seminarioconcordia.com.br\/site\/wp-content\/uploads\/2023\/12\/formatura-2023-11.jpg\" alt=\"\" class=\"wp-image-4104\" srcset=\"https:\/\/seminarioconcordia.com.br\/site\/wp-content\/uploads\/2023\/12\/formatura-2023-11.jpg 800w, https:\/\/seminarioconcordia.com.br\/site\/wp-content\/uploads\/2023\/12\/formatura-2023-11-300x200.jpg 300w, https:\/\/seminarioconcordia.com.br\/site\/wp-content\/uploads\/2023\/12\/formatura-2023-11-150x100.jpg 150w, https:\/\/seminarioconcordia.com.br\/site\/wp-content\/uploads\/2023\/12\/formatura-2023-11-768x512.jpg 768w\" sizes=\"auto, (max-width: 800px) 100vw, 800px\" \/><\/figure>\n\n\n\n<p>Al\u00e9m dos 13 formandos diplomados em Habilita\u00e7\u00e3o ao Minist\u00e9rio Pastoral, 11 formandos receberam a certifica\u00e7\u00e3o da Educa\u00e7\u00e3o Teol\u00f3gica por Extens\u00e3o (ETE) e um recebeu certificado em Diaconia em M\u00fasica.<\/p>\n\n\n\n<figure class=\"wp-block-image size-full\"><img loading=\"lazy\" decoding=\"async\" width=\"800\" height=\"533\" src=\"https:\/\/seminarioconcordia.com.br\/site\/wp-content\/uploads\/2023\/12\/formatura-2023-3.jpg\" alt=\"\" class=\"wp-image-4112\" srcset=\"https:\/\/seminarioconcordia.com.br\/site\/wp-content\/uploads\/2023\/12\/formatura-2023-3.jpg 800w, https:\/\/seminarioconcordia.com.br\/site\/wp-content\/uploads\/2023\/12\/formatura-2023-3-300x200.jpg 300w, https:\/\/seminarioconcordia.com.br\/site\/wp-content\/uploads\/2023\/12\/formatura-2023-3-150x100.jpg 150w, https:\/\/seminarioconcordia.com.br\/site\/wp-content\/uploads\/2023\/12\/formatura-2023-3-768x512.jpg 768w\" sizes=\"auto, (max-width: 800px) 100vw, 800px\" \/><\/figure>\n\n\n\n<p>Os habilitados ao Minist\u00e9rio Pastoral prestaram juramento, conduzidos pelo formando Ramon Augusto Pedro.<\/p>\n\n\n\n<figure class=\"wp-block-image size-full\"><img loading=\"lazy\" decoding=\"async\" width=\"800\" height=\"533\" src=\"https:\/\/seminarioconcordia.com.br\/site\/wp-content\/uploads\/2023\/12\/formatura-2023-5.jpg\" alt=\"\" class=\"wp-image-4110\" srcset=\"https:\/\/seminarioconcordia.com.br\/site\/wp-content\/uploads\/2023\/12\/formatura-2023-5.jpg 800w, https:\/\/seminarioconcordia.com.br\/site\/wp-content\/uploads\/2023\/12\/formatura-2023-5-300x200.jpg 300w, https:\/\/seminarioconcordia.com.br\/site\/wp-content\/uploads\/2023\/12\/formatura-2023-5-150x100.jpg 150w, https:\/\/seminarioconcordia.com.br\/site\/wp-content\/uploads\/2023\/12\/formatura-2023-5-768x512.jpg 768w\" sizes=\"auto, (max-width: 800px) 100vw, 800px\" \/><\/figure>\n\n\n\n<p>O culto foi realizado de forma presencial e tamb\u00e9m transmitido pela p\u00e1gina do Semin\u00e1rio no YouTube (<a href=\"https:\/\/ielb.info\/formatura23\">assista aqui<\/a>). <\/p>\n\n\n\n<figure class=\"wp-block-gallery has-nested-images columns-default is-cropped wp-block-gallery-1 is-layout-flex wp-block-gallery-is-layout-flex\">\n<figure class=\"wp-block-image size-large\"><img loading=\"lazy\" decoding=\"async\" width=\"800\" height=\"533\" data-id=\"4109\" src=\"https:\/\/seminarioconcordia.com.br\/site\/wp-content\/uploads\/2023\/12\/formatura-2023-6.jpg\" alt=\"\" class=\"wp-image-4109\" srcset=\"https:\/\/seminarioconcordia.com.br\/site\/wp-content\/uploads\/2023\/12\/formatura-2023-6.jpg 800w, https:\/\/seminarioconcordia.com.br\/site\/wp-content\/uploads\/2023\/12\/formatura-2023-6-300x200.jpg 300w, https:\/\/seminarioconcordia.com.br\/site\/wp-content\/uploads\/2023\/12\/formatura-2023-6-150x100.jpg 150w, https:\/\/seminarioconcordia.com.br\/site\/wp-content\/uploads\/2023\/12\/formatura-2023-6-768x512.jpg 768w\" sizes=\"auto, (max-width: 800px) 100vw, 800px\" \/><\/figure>\n\n\n\n<figure class=\"wp-block-image size-large\"><img loading=\"lazy\" decoding=\"async\" width=\"800\" height=\"533\" data-id=\"4108\" src=\"https:\/\/seminarioconcordia.com.br\/site\/wp-content\/uploads\/2023\/12\/formatura-2023-7.jpg\" alt=\"\" class=\"wp-image-4108\" srcset=\"https:\/\/seminarioconcordia.com.br\/site\/wp-content\/uploads\/2023\/12\/formatura-2023-7.jpg 800w, https:\/\/seminarioconcordia.com.br\/site\/wp-content\/uploads\/2023\/12\/formatura-2023-7-300x200.jpg 300w, https:\/\/seminarioconcordia.com.br\/site\/wp-content\/uploads\/2023\/12\/formatura-2023-7-150x100.jpg 150w, https:\/\/seminarioconcordia.com.br\/site\/wp-content\/uploads\/2023\/12\/formatura-2023-7-768x512.jpg 768w\" sizes=\"auto, (max-width: 800px) 100vw, 800px\" \/><\/figure>\n\n\n\n<figure class=\"wp-block-image size-large\"><img loading=\"lazy\" decoding=\"async\" width=\"800\" height=\"533\" data-id=\"4107\" src=\"https:\/\/seminarioconcordia.com.br\/site\/wp-content\/uploads\/2023\/12\/formatura-2023-8.jpg\" alt=\"\" class=\"wp-image-4107\" srcset=\"https:\/\/seminarioconcordia.com.br\/site\/wp-content\/uploads\/2023\/12\/formatura-2023-8.jpg 800w, https:\/\/seminarioconcordia.com.br\/site\/wp-content\/uploads\/2023\/12\/formatura-2023-8-300x200.jpg 300w, https:\/\/seminarioconcordia.com.br\/site\/wp-content\/uploads\/2023\/12\/formatura-2023-8-150x100.jpg 150w, https:\/\/seminarioconcordia.com.br\/site\/wp-content\/uploads\/2023\/12\/formatura-2023-8-768x512.jpg 768w\" sizes=\"auto, (max-width: 800px) 100vw, 800px\" \/><\/figure>\n\n\n\n<figure class=\"wp-block-image size-large\"><img loading=\"lazy\" decoding=\"async\" width=\"800\" height=\"533\" data-id=\"4106\" src=\"https:\/\/seminarioconcordia.com.br\/site\/wp-content\/uploads\/2023\/12\/formatura-2023-9.jpg\" alt=\"\" class=\"wp-image-4106\" srcset=\"https:\/\/seminarioconcordia.com.br\/site\/wp-content\/uploads\/2023\/12\/formatura-2023-9.jpg 800w, https:\/\/seminarioconcordia.com.br\/site\/wp-content\/uploads\/2023\/12\/formatura-2023-9-300x200.jpg 300w, https:\/\/seminarioconcordia.com.br\/site\/wp-content\/uploads\/2023\/12\/formatura-2023-9-150x100.jpg 150w, https:\/\/seminarioconcordia.com.br\/site\/wp-content\/uploads\/2023\/12\/formatura-2023-9-768x512.jpg 768w\" sizes=\"auto, (max-width: 800px) 100vw, 800px\" \/><\/figure>\n\n\n\n<figure class=\"wp-block-image size-large\"><img loading=\"lazy\" decoding=\"async\" width=\"800\" height=\"533\" data-id=\"4105\" src=\"https:\/\/seminarioconcordia.com.br\/site\/wp-content\/uploads\/2023\/12\/formatura-2023-10.jpg\" alt=\"\" class=\"wp-image-4105\" srcset=\"https:\/\/seminarioconcordia.com.br\/site\/wp-content\/uploads\/2023\/12\/formatura-2023-10.jpg 800w, https:\/\/seminarioconcordia.com.br\/site\/wp-content\/uploads\/2023\/12\/formatura-2023-10-300x200.jpg 300w, https:\/\/seminarioconcordia.com.br\/site\/wp-content\/uploads\/2023\/12\/formatura-2023-10-150x100.jpg 150w, https:\/\/seminarioconcordia.com.br\/site\/wp-content\/uploads\/2023\/12\/formatura-2023-10-768x512.jpg 768w\" sizes=\"auto, (max-width: 800px) 100vw, 800px\" \/><\/figure>\n\n\n\n<figure class=\"wp-block-image size-large\"><img loading=\"lazy\" decoding=\"async\" width=\"800\" height=\"533\" data-id=\"4103\" src=\"https:\/\/seminarioconcordia.com.br\/site\/wp-content\/uploads\/2023\/12\/formatura-2023-12.jpg\" alt=\"\" class=\"wp-image-4103\" srcset=\"https:\/\/seminarioconcordia.com.br\/site\/wp-content\/uploads\/2023\/12\/formatura-2023-12.jpg 800w, https:\/\/seminarioconcordia.com.br\/site\/wp-content\/uploads\/2023\/12\/formatura-2023-12-300x200.jpg 300w, https:\/\/seminarioconcordia.com.br\/site\/wp-content\/uploads\/2023\/12\/formatura-2023-12-150x100.jpg 150w, https:\/\/seminarioconcordia.com.br\/site\/wp-content\/uploads\/2023\/12\/formatura-2023-12-768x512.jpg 768w\" sizes=\"auto, (max-width: 800px) 100vw, 800px\" \/><\/figure>\n<\/figure>\n\n\n\n<p>Saiba para onde ir\u00e3o os novos pastores da IELB em 2024 (<a href=\"https:\/\/mensageiroluterano.com.br\/noticias\/saiba-para-onde-irao-os-estagiarios-e-formandos-em-2024\/\">confira aqui<\/a>). <\/p>\n\n\n\n<figure class=\"wp-block-image size-full\"><img loading=\"lazy\" decoding=\"async\" width=\"800\" height=\"533\" src=\"https:\/\/seminarioconcordia.com.br\/site\/wp-content\/uploads\/2023\/12\/formatura-2023-1.jpg\" alt=\"\" class=\"wp-image-4114\" srcset=\"https:\/\/seminarioconcordia.com.br\/site\/wp-content\/uploads\/2023\/12\/formatura-2023-1.jpg 800w, https:\/\/seminarioconcordia.com.br\/site\/wp-content\/uploads\/2023\/12\/formatura-2023-1-300x200.jpg 300w, https:\/\/seminarioconcordia.com.br\/site\/wp-content\/uploads\/2023\/12\/formatura-2023-1-150x100.jpg 150w, https:\/\/seminarioconcordia.com.br\/site\/wp-content\/uploads\/2023\/12\/formatura-2023-1-768x512.jpg 768w\" sizes=\"auto, (max-width: 800px) 100vw, 800px\" \/><\/figure>\n","protected":false},"excerpt":{"rendered":"<p>13 novos pastores ir\u00e3o exercer minist\u00e9rio pastoral a partir de 2024<\/p>\n","protected":false},"author":2,"featured_media":4114,"comment_status":"closed","ping_status":"closed","sticky":false,"template":"","format":"standard","meta":{"footnotes":""},"categories":[74,5,32,78,92],"tags":[27,144,98,158,155,129,49,124],"class_list":["post-4102","post","type-post","status-publish","format-standard","has-post-thumbnail","hentry","category-alunos","category-eventos","category-formatura","category-graduacao","category-professor","tag-alunos","tag-estudantes","tag-evento","tag-ministerio-pastoral","tag-pastor","tag-professores","tag-seminario","tag-seminaristas"],"_links":{"self":[{"href":"https:\/\/seminarioconcordia.com.br\/site\/wp-json\/wp\/v2\/posts\/4102","targetHints":{"allow":["GET"]}}],"collection":[{"href":"https:\/\/seminarioconcordia.com.br\/site\/wp-json\/wp\/v2\/posts"}],"about":[{"href":"https:\/\/seminarioconcordia.com.br\/site\/wp-json\/wp\/v2\/types\/post"}],"author":[{"embeddable":true,"href":"https:\/\/seminarioconcordia.com.br\/site\/wp-json\/wp\/v2\/users\/2"}],"replies":[{"embeddable":true,"href":"https:\/\/seminarioconcordia.com.br\/site\/wp-json\/wp\/v2\/comments?post=4102"}],"version-history":[{"count":1,"href":"https:\/\/seminarioconcordia.com.br\/site\/wp-json\/wp\/v2\/posts\/4102\/revisions"}],"predecessor-version":[{"id":4115,"href":"https:\/\/seminarioconcordia.com.br\/site\/wp-json\/wp\/v2\/posts\/4102\/revisions\/4115"}],"wp:featuredmedia":[{"embeddable":true,"href":"https:\/\/seminarioconcordia.com.br\/site\/wp-json\/wp\/v2\/media\/4114"}],"wp:attachment":[{"href":"https:\/\/seminarioconcordia.com.br\/site\/wp-json\/wp\/v2\/media?parent=4102"}],"wp:term":[{"taxonomy":"category","embeddable":true,"href":"https:\/\/seminarioconcordia.com.br\/site\/wp-json\/wp\/v2\/categories?post=4102"},{"taxonomy":"post_tag","embeddable":true,"href":"https:\/\/seminarioconcordia.com.br\/site\/wp-json\/wp\/v2\/tags?post=4102"}],"curies":[{"name":"wp","href":"https:\/\/api.w.org\/{rel}","templated":true}]}}