{"id":4100,"date":"2023-12-15T12:03:20","date_gmt":"2023-12-15T15:03:20","guid":{"rendered":"https:\/\/seminarioconcordia.com.br\/site\/?p=4100"},"modified":"2023-12-15T12:03:20","modified_gmt":"2023-12-15T15:03:20","slug":"processional-de-advento","status":"publish","type":"post","link":"https:\/\/seminarioconcordia.com.br\/site\/2023\/12\/15\/processional-de-advento\/","title":{"rendered":"PROCESSIONAL DE ADVENTO"},"content":{"rendered":"\n<p>&nbsp;&nbsp;&nbsp;&nbsp;&nbsp;&nbsp;&nbsp;&nbsp;&nbsp;&nbsp;&nbsp; <\/p>\n\n\n\n<p><\/p>\n\n\n\n<p>No dia 3 de dezembro, foi realizado o tradicional Jantar de Advento e o Cerimonial de Acendimento das Luzes. Sob a condu\u00e7\u00e3o da Associa\u00e7\u00e3o de Servas Amigas do Semin\u00e1rio (ASAS), o jantar proporcionou n\u00e3o apenas uma refei\u00e7\u00e3o, mas tamb\u00e9m um momento especial para a comunidade acad\u00eamica.<\/p>\n\n\n\n<figure class=\"wp-block-gallery has-nested-images columns-default is-cropped wp-block-gallery-1 is-layout-flex wp-block-gallery-is-layout-flex\">\n<figure class=\"wp-block-image size-large\"><img loading=\"lazy\" decoding=\"async\" width=\"800\" height=\"533\" data-id=\"4087\" src=\"https:\/\/seminarioconcordia.com.br\/site\/wp-content\/uploads\/2023\/12\/IMG_1965.jpg\" alt=\"\" class=\"wp-image-4087\" srcset=\"https:\/\/seminarioconcordia.com.br\/site\/wp-content\/uploads\/2023\/12\/IMG_1965.jpg 800w, https:\/\/seminarioconcordia.com.br\/site\/wp-content\/uploads\/2023\/12\/IMG_1965-300x200.jpg 300w, https:\/\/seminarioconcordia.com.br\/site\/wp-content\/uploads\/2023\/12\/IMG_1965-150x100.jpg 150w, https:\/\/seminarioconcordia.com.br\/site\/wp-content\/uploads\/2023\/12\/IMG_1965-768x512.jpg 768w\" sizes=\"auto, (max-width: 800px) 100vw, 800px\" \/><\/figure>\n\n\n\n<figure class=\"wp-block-image size-large\"><img loading=\"lazy\" decoding=\"async\" width=\"800\" height=\"533\" data-id=\"4086\" src=\"https:\/\/seminarioconcordia.com.br\/site\/wp-content\/uploads\/2023\/12\/IMG_1977.jpg\" alt=\"\" class=\"wp-image-4086\" srcset=\"https:\/\/seminarioconcordia.com.br\/site\/wp-content\/uploads\/2023\/12\/IMG_1977.jpg 800w, https:\/\/seminarioconcordia.com.br\/site\/wp-content\/uploads\/2023\/12\/IMG_1977-300x200.jpg 300w, https:\/\/seminarioconcordia.com.br\/site\/wp-content\/uploads\/2023\/12\/IMG_1977-150x100.jpg 150w, https:\/\/seminarioconcordia.com.br\/site\/wp-content\/uploads\/2023\/12\/IMG_1977-768x512.jpg 768w\" sizes=\"auto, (max-width: 800px) 100vw, 800px\" \/><\/figure>\n<\/figure>\n\n\n\n<p>Durante o jantar, os alunos do Semin\u00e1rio Conc\u00f3rdia foram agraciados com um significativo presente: o devocional &#8220;Cinco Minutos Com Jesus&#8221;.<\/p>\n\n\n\n<figure class=\"wp-block-image size-full\"><img loading=\"lazy\" decoding=\"async\" width=\"800\" height=\"533\" src=\"https:\/\/seminarioconcordia.com.br\/site\/wp-content\/uploads\/2023\/12\/IMG_2040.jpg\" alt=\"\" class=\"wp-image-4085\" srcset=\"https:\/\/seminarioconcordia.com.br\/site\/wp-content\/uploads\/2023\/12\/IMG_2040.jpg 800w, https:\/\/seminarioconcordia.com.br\/site\/wp-content\/uploads\/2023\/12\/IMG_2040-300x200.jpg 300w, https:\/\/seminarioconcordia.com.br\/site\/wp-content\/uploads\/2023\/12\/IMG_2040-150x100.jpg 150w, https:\/\/seminarioconcordia.com.br\/site\/wp-content\/uploads\/2023\/12\/IMG_2040-768x512.jpg 768w\" sizes=\"auto, (max-width: 800px) 100vw, 800px\" \/><\/figure>\n\n\n\n<p>Posteriormente, todos os participantes dirigiram-se ao campus do semin\u00e1rio, onde, ao som de m\u00fasicas e leituras b\u00edblicas, o Cerimonial de Acendimento das Luzes teve lugar em cinco pontos diferentes, terminando no acender das luzes do pres\u00e9pio.<\/p>\n\n\n\n<figure class=\"wp-block-image size-large\"><img loading=\"lazy\" decoding=\"async\" width=\"683\" height=\"1024\" src=\"https:\/\/seminarioconcordia.com.br\/site\/wp-content\/uploads\/2023\/12\/IMG_2111-683x1024.jpg\" alt=\"\" class=\"wp-image-4084\" srcset=\"https:\/\/seminarioconcordia.com.br\/site\/wp-content\/uploads\/2023\/12\/IMG_2111-683x1024.jpg 683w, https:\/\/seminarioconcordia.com.br\/site\/wp-content\/uploads\/2023\/12\/IMG_2111-200x300.jpg 200w, https:\/\/seminarioconcordia.com.br\/site\/wp-content\/uploads\/2023\/12\/IMG_2111-100x150.jpg 100w, https:\/\/seminarioconcordia.com.br\/site\/wp-content\/uploads\/2023\/12\/IMG_2111-768x1152.jpg 768w, https:\/\/seminarioconcordia.com.br\/site\/wp-content\/uploads\/2023\/12\/IMG_2111-rotated.jpg 800w\" sizes=\"auto, (max-width: 683px) 100vw, 683px\" \/><\/figure>\n\n\n\n<p>Esse evento n\u00e3o apenas celebrou o advento de forma simb\u00f3lica, mas tamb\u00e9m fortaleceu os la\u00e7os comunit\u00e1rios e proporcionou momentos de reflex\u00e3o e espiritualidade neste per\u00edodo t\u00e3o especial&nbsp;do&nbsp;ano.<\/p>\n\n\n\n<figure class=\"wp-block-image size-full\"><img loading=\"lazy\" decoding=\"async\" width=\"800\" height=\"533\" src=\"https:\/\/seminarioconcordia.com.br\/site\/wp-content\/uploads\/2023\/12\/IMG_1926.jpg\" alt=\"\" class=\"wp-image-4088\" srcset=\"https:\/\/seminarioconcordia.com.br\/site\/wp-content\/uploads\/2023\/12\/IMG_1926.jpg 800w, https:\/\/seminarioconcordia.com.br\/site\/wp-content\/uploads\/2023\/12\/IMG_1926-300x200.jpg 300w, https:\/\/seminarioconcordia.com.br\/site\/wp-content\/uploads\/2023\/12\/IMG_1926-150x100.jpg 150w, https:\/\/seminarioconcordia.com.br\/site\/wp-content\/uploads\/2023\/12\/IMG_1926-768x512.jpg 768w\" sizes=\"auto, (max-width: 800px) 100vw, 800px\" \/><\/figure>\n","protected":false},"excerpt":{"rendered":"<p>Tradicional Jantar de Advento e Cerimonial de Acendimento das Luzes<\/p>\n","protected":false},"author":2,"featured_media":4084,"comment_status":"closed","ping_status":"closed","sticky":false,"template":"","format":"standard","meta":{"footnotes":""},"categories":[74,64,25,5,92],"tags":[159,27,65,144,129,49,124],"class_list":["post-4100","post","type-post","status-publish","format-standard","has-post-thumbnail","hentry","category-alunos","category-asas","category-encontro","category-eventos","category-professor","tag-advento","tag-alunos","tag-asas","tag-estudantes","tag-professores","tag-seminario","tag-seminaristas"],"_links":{"self":[{"href":"https:\/\/seminarioconcordia.com.br\/site\/wp-json\/wp\/v2\/posts\/4100","targetHints":{"allow":["GET"]}}],"collection":[{"href":"https:\/\/seminarioconcordia.com.br\/site\/wp-json\/wp\/v2\/posts"}],"about":[{"href":"https:\/\/seminarioconcordia.com.br\/site\/wp-json\/wp\/v2\/types\/post"}],"author":[{"embeddable":true,"href":"https:\/\/seminarioconcordia.com.br\/site\/wp-json\/wp\/v2\/users\/2"}],"replies":[{"embeddable":true,"href":"https:\/\/seminarioconcordia.com.br\/site\/wp-json\/wp\/v2\/comments?post=4100"}],"version-history":[{"count":1,"href":"https:\/\/seminarioconcordia.com.br\/site\/wp-json\/wp\/v2\/posts\/4100\/revisions"}],"predecessor-version":[{"id":4101,"href":"https:\/\/seminarioconcordia.com.br\/site\/wp-json\/wp\/v2\/posts\/4100\/revisions\/4101"}],"wp:featuredmedia":[{"embeddable":true,"href":"https:\/\/seminarioconcordia.com.br\/site\/wp-json\/wp\/v2\/media\/4084"}],"wp:attachment":[{"href":"https:\/\/seminarioconcordia.com.br\/site\/wp-json\/wp\/v2\/media?parent=4100"}],"wp:term":[{"taxonomy":"category","embeddable":true,"href":"https:\/\/seminarioconcordia.com.br\/site\/wp-json\/wp\/v2\/categories?post=4100"},{"taxonomy":"post_tag","embeddable":true,"href":"https:\/\/seminarioconcordia.com.br\/site\/wp-json\/wp\/v2\/tags?post=4100"}],"curies":[{"name":"wp","href":"https:\/\/api.w.org\/{rel}","templated":true}]}}