{"id":4096,"date":"2023-12-15T11:52:41","date_gmt":"2023-12-15T14:52:41","guid":{"rendered":"https:\/\/seminarioconcordia.com.br\/site\/?p=4096"},"modified":"2023-12-15T11:59:52","modified_gmt":"2023-12-15T14:59:52","slug":"autorizacao-liturgica-e-homiletica-2","status":"publish","type":"post","link":"https:\/\/seminarioconcordia.com.br\/site\/2023\/12\/15\/autorizacao-liturgica-e-homiletica-2\/","title":{"rendered":"AUTORIZA\u00c7\u00c3O LIT\u00daRGICA E HOMIL\u00c9TICA"},"content":{"rendered":"\n<p>&nbsp;&nbsp;&nbsp;&nbsp;&nbsp;&nbsp;&nbsp;&nbsp;&nbsp;&nbsp;&nbsp; <\/p>\n\n\n\n<p><\/p>\n\n\n\n<p>No dia 30 de novembro, aconteceu um evento de grande import\u00e2ncia para o Semin\u00e1rio Conc\u00f3rdia. A autoriza\u00e7\u00e3o lit\u00fargica e homil\u00e9tica, conferida aos alunos do 3\u00ba ano teol\u00f3gico, aconteceu na capela do campus, onde os estudantes foram agraciados com um talar e um c\u00edngulo, generosamente oferecidos pela Associa\u00e7\u00e3o de Servas Amigas do Semin\u00e1rio (ASAS).<\/p>\n\n\n\n<figure class=\"wp-block-image size-full\"><img loading=\"lazy\" decoding=\"async\" width=\"800\" height=\"533\" src=\"https:\/\/seminarioconcordia.com.br\/site\/wp-content\/uploads\/2023\/12\/IMG_1591.jpg\" alt=\"\" class=\"wp-image-4091\" srcset=\"https:\/\/seminarioconcordia.com.br\/site\/wp-content\/uploads\/2023\/12\/IMG_1591.jpg 800w, https:\/\/seminarioconcordia.com.br\/site\/wp-content\/uploads\/2023\/12\/IMG_1591-300x200.jpg 300w, https:\/\/seminarioconcordia.com.br\/site\/wp-content\/uploads\/2023\/12\/IMG_1591-150x100.jpg 150w, https:\/\/seminarioconcordia.com.br\/site\/wp-content\/uploads\/2023\/12\/IMG_1591-768x512.jpg 768w\" sizes=\"auto, (max-width: 800px) 100vw, 800px\" \/><\/figure>\n\n\n\n<p>Esse momento \u00e9 de grande valor para os alunos, pois a partir dessa autoriza\u00e7\u00e3o, eles est\u00e3o habilitados a proclamar a palavra de forma p\u00fablica, contando com o acompanhamento de um pastor.<\/p>\n\n\n\n<figure class=\"wp-block-image size-full\"><img loading=\"lazy\" decoding=\"async\" width=\"800\" height=\"533\" src=\"https:\/\/seminarioconcordia.com.br\/site\/wp-content\/uploads\/2023\/12\/IMG_1580.jpg\" alt=\"\" class=\"wp-image-4092\" srcset=\"https:\/\/seminarioconcordia.com.br\/site\/wp-content\/uploads\/2023\/12\/IMG_1580.jpg 800w, https:\/\/seminarioconcordia.com.br\/site\/wp-content\/uploads\/2023\/12\/IMG_1580-300x200.jpg 300w, https:\/\/seminarioconcordia.com.br\/site\/wp-content\/uploads\/2023\/12\/IMG_1580-150x100.jpg 150w, https:\/\/seminarioconcordia.com.br\/site\/wp-content\/uploads\/2023\/12\/IMG_1580-768x512.jpg 768w\" sizes=\"auto, (max-width: 800px) 100vw, 800px\" \/><\/figure>\n\n\n\n<p>Estes s\u00e3o os alunos autorizados no ano de 2023:<\/p>\n\n\n\n<p>Alex Mauricio Chiele, Allison Mateus Neunfeld, Cristian Weich Lemos, Efraim Witt Osvald, Lu\u00eds Felipe Altenerath, Luiz Henrique Lima Pacheco, Matheus Felipe Pereira, Os\u00e9as Gabriel de Abreu Mac\u00eado, Paulo Vander Jesuino e Samuel Thurow&nbsp;N\u00f6rnberg.<\/p>\n\n\n\n<figure class=\"wp-block-image size-full\"><img loading=\"lazy\" decoding=\"async\" width=\"800\" height=\"533\" src=\"https:\/\/seminarioconcordia.com.br\/site\/wp-content\/uploads\/2023\/12\/IMG_1695.jpg\" alt=\"\" class=\"wp-image-4089\" srcset=\"https:\/\/seminarioconcordia.com.br\/site\/wp-content\/uploads\/2023\/12\/IMG_1695.jpg 800w, https:\/\/seminarioconcordia.com.br\/site\/wp-content\/uploads\/2023\/12\/IMG_1695-300x200.jpg 300w, https:\/\/seminarioconcordia.com.br\/site\/wp-content\/uploads\/2023\/12\/IMG_1695-150x100.jpg 150w, https:\/\/seminarioconcordia.com.br\/site\/wp-content\/uploads\/2023\/12\/IMG_1695-768x512.jpg 768w\" sizes=\"auto, (max-width: 800px) 100vw, 800px\" \/><\/figure>\n\n\n\n<figure class=\"wp-block-image size-full\"><img loading=\"lazy\" decoding=\"async\" width=\"800\" height=\"533\" src=\"https:\/\/seminarioconcordia.com.br\/site\/wp-content\/uploads\/2023\/12\/IMG_1670.jpg\" alt=\"\" class=\"wp-image-4090\" srcset=\"https:\/\/seminarioconcordia.com.br\/site\/wp-content\/uploads\/2023\/12\/IMG_1670.jpg 800w, https:\/\/seminarioconcordia.com.br\/site\/wp-content\/uploads\/2023\/12\/IMG_1670-300x200.jpg 300w, https:\/\/seminarioconcordia.com.br\/site\/wp-content\/uploads\/2023\/12\/IMG_1670-150x100.jpg 150w, https:\/\/seminarioconcordia.com.br\/site\/wp-content\/uploads\/2023\/12\/IMG_1670-768x512.jpg 768w\" sizes=\"auto, (max-width: 800px) 100vw, 800px\" \/><\/figure>\n","protected":false},"excerpt":{"rendered":"<p>Dez alunos do 3\u00ba ano s\u00e3o habilitados a proclamar a palavra de forma p\u00fablica<\/p>\n","protected":false},"author":2,"featured_media":4089,"comment_status":"closed","ping_status":"closed","sticky":false,"template":"","format":"standard","meta":{"footnotes":""},"categories":[74,64,28,78,92],"tags":[27,144,158,155,129,49,124],"class_list":["post-4096","post","type-post","status-publish","format-standard","has-post-thumbnail","hentry","category-alunos","category-asas","category-autorizacao","category-graduacao","category-professor","tag-alunos","tag-estudantes","tag-ministerio-pastoral","tag-pastor","tag-professores","tag-seminario","tag-seminaristas"],"_links":{"self":[{"href":"https:\/\/seminarioconcordia.com.br\/site\/wp-json\/wp\/v2\/posts\/4096","targetHints":{"allow":["GET"]}}],"collection":[{"href":"https:\/\/seminarioconcordia.com.br\/site\/wp-json\/wp\/v2\/posts"}],"about":[{"href":"https:\/\/seminarioconcordia.com.br\/site\/wp-json\/wp\/v2\/types\/post"}],"author":[{"embeddable":true,"href":"https:\/\/seminarioconcordia.com.br\/site\/wp-json\/wp\/v2\/users\/2"}],"replies":[{"embeddable":true,"href":"https:\/\/seminarioconcordia.com.br\/site\/wp-json\/wp\/v2\/comments?post=4096"}],"version-history":[{"count":2,"href":"https:\/\/seminarioconcordia.com.br\/site\/wp-json\/wp\/v2\/posts\/4096\/revisions"}],"predecessor-version":[{"id":4099,"href":"https:\/\/seminarioconcordia.com.br\/site\/wp-json\/wp\/v2\/posts\/4096\/revisions\/4099"}],"wp:featuredmedia":[{"embeddable":true,"href":"https:\/\/seminarioconcordia.com.br\/site\/wp-json\/wp\/v2\/media\/4089"}],"wp:attachment":[{"href":"https:\/\/seminarioconcordia.com.br\/site\/wp-json\/wp\/v2\/media?parent=4096"}],"wp:term":[{"taxonomy":"category","embeddable":true,"href":"https:\/\/seminarioconcordia.com.br\/site\/wp-json\/wp\/v2\/categories?post=4096"},{"taxonomy":"post_tag","embeddable":true,"href":"https:\/\/seminarioconcordia.com.br\/site\/wp-json\/wp\/v2\/tags?post=4096"}],"curies":[{"name":"wp","href":"https:\/\/api.w.org\/{rel}","templated":true}]}}