{"id":4083,"date":"2023-12-15T11:46:28","date_gmt":"2023-12-15T14:46:28","guid":{"rendered":"https:\/\/seminarioconcordia.com.br\/site\/?p=4083"},"modified":"2023-12-15T11:48:58","modified_gmt":"2023-12-15T14:48:58","slug":"nova-diretoria-do-damal","status":"publish","type":"post","link":"https:\/\/seminarioconcordia.com.br\/site\/2023\/12\/15\/nova-diretoria-do-damal\/","title":{"rendered":"NOVA DIRETORIA DO DAMAL"},"content":{"rendered":"\n<p>&nbsp;&nbsp;&nbsp;&nbsp;&nbsp;&nbsp;&nbsp;&nbsp;&nbsp;&nbsp;&nbsp; <\/p>\n\n\n\n<p>No dia 27 de novembro, ocorreu a instala\u00e7\u00e3o da nova Diretoria do Diret\u00f3rio Acad\u00eamico Martinho Lutero (DAMAL) para o pr\u00f3ximo ano.<\/p>\n\n\n\n<figure class=\"wp-block-image size-full\"><img loading=\"lazy\" decoding=\"async\" width=\"800\" height=\"533\" src=\"https:\/\/seminarioconcordia.com.br\/site\/wp-content\/uploads\/2023\/12\/IMG_1477.jpg\" alt=\"\" class=\"wp-image-4094\" srcset=\"https:\/\/seminarioconcordia.com.br\/site\/wp-content\/uploads\/2023\/12\/IMG_1477.jpg 800w, https:\/\/seminarioconcordia.com.br\/site\/wp-content\/uploads\/2023\/12\/IMG_1477-300x200.jpg 300w, https:\/\/seminarioconcordia.com.br\/site\/wp-content\/uploads\/2023\/12\/IMG_1477-150x100.jpg 150w, https:\/\/seminarioconcordia.com.br\/site\/wp-content\/uploads\/2023\/12\/IMG_1477-768x512.jpg 768w\" sizes=\"auto, (max-width: 800px) 100vw, 800px\" \/><\/figure>\n\n\n\n<p>O momento aconteceu durante a devo\u00e7\u00e3o na capela do Semin\u00e1rio Conc\u00f3rdia. O diretor dr. Gerson Linden, realizou a instala\u00e7\u00e3o e agradeceu a gest\u00e3o passada pelo trabalho realizado, destacando a import\u00e2ncia do trabalho desempenhado pelo Diret\u00f3rio Acad\u00eamico na representa\u00e7\u00e3o dos estudantes e na promo\u00e7\u00e3o de atividades que enriquecem a vida acad\u00eamica.<\/p>\n\n\n\n<figure class=\"wp-block-image size-full\"><img loading=\"lazy\" decoding=\"async\" width=\"800\" height=\"533\" src=\"https:\/\/seminarioconcordia.com.br\/site\/wp-content\/uploads\/2023\/12\/IMG_1500.jpg\" alt=\"\" class=\"wp-image-4093\" srcset=\"https:\/\/seminarioconcordia.com.br\/site\/wp-content\/uploads\/2023\/12\/IMG_1500.jpg 800w, https:\/\/seminarioconcordia.com.br\/site\/wp-content\/uploads\/2023\/12\/IMG_1500-300x200.jpg 300w, https:\/\/seminarioconcordia.com.br\/site\/wp-content\/uploads\/2023\/12\/IMG_1500-150x100.jpg 150w, https:\/\/seminarioconcordia.com.br\/site\/wp-content\/uploads\/2023\/12\/IMG_1500-768x512.jpg 768w\" sizes=\"auto, (max-width: 800px) 100vw, 800px\" \/><\/figure>\n\n\n\n<p>Como membros desta nova diretoria est\u00e3o os seguintes alunos:<\/p>\n\n\n\n<p>PRESIDENTE: Cristian W. Lemos<\/p>\n\n\n\n<p>VICE-PRESIDENTE: Jos\u00e9 A. L. Oliveira<\/p>\n\n\n\n<p>TESOUREIRO: Lu\u00eds F. Altenerath<\/p>\n\n\n\n<p>VICE-TESOUREIRO: Marcelo H. Piske<\/p>\n\n\n\n<p>SECRET\u00c1RIO: Mateus S. M. Hammerschmitt<\/p>\n\n\n\n<p>VICE-SECRET\u00c1RIO: Rog\u00e9rio M. Soares<\/p>\n\n\n\n<p>DIRETOR TEOL\u00d3GICO: Os\u00e9as G. A. Mac\u00eado<\/p>\n\n\n\n<p>DIRETOR CULTURAL DO CORD\u00c3O BRANCO: Gabriel F. Hartmann<\/p>\n\n\n\n<p>DIRETOR CULTURAL DO CORD\u00c3O AZUL: Diego R. Rodrigues<\/p>\n\n\n\n<p>DIRETOR ESPORTIVO DO CORD\u00c3O BRANCO: William B. Gr\u00fctzmann<\/p>\n\n\n\n<p>DIRETOR ESPORTIVO DO CORD\u00c3O AZUL: Leonardo K. Zschornack<\/p>\n\n\n\n<p>PROFESSOR CONSELHEIRO: Francis&nbsp;D.&nbsp;Hoffmann<\/p>\n","protected":false},"excerpt":{"rendered":"<p>Confira os novos integrantes da gest\u00e3o 2024<\/p>\n","protected":false},"author":2,"featured_media":4093,"comment_status":"closed","ping_status":"closed","sticky":false,"template":"","format":"standard","meta":{"footnotes":""},"categories":[74,73,78,92],"tags":[27,75,76,144,129,49,124],"class_list":["post-4083","post","type-post","status-publish","format-standard","has-post-thumbnail","hentry","category-alunos","category-damal","category-graduacao","category-professor","tag-alunos","tag-damal","tag-diretorio-academico","tag-estudantes","tag-professores","tag-seminario","tag-seminaristas"],"_links":{"self":[{"href":"https:\/\/seminarioconcordia.com.br\/site\/wp-json\/wp\/v2\/posts\/4083","targetHints":{"allow":["GET"]}}],"collection":[{"href":"https:\/\/seminarioconcordia.com.br\/site\/wp-json\/wp\/v2\/posts"}],"about":[{"href":"https:\/\/seminarioconcordia.com.br\/site\/wp-json\/wp\/v2\/types\/post"}],"author":[{"embeddable":true,"href":"https:\/\/seminarioconcordia.com.br\/site\/wp-json\/wp\/v2\/users\/2"}],"replies":[{"embeddable":true,"href":"https:\/\/seminarioconcordia.com.br\/site\/wp-json\/wp\/v2\/comments?post=4083"}],"version-history":[{"count":2,"href":"https:\/\/seminarioconcordia.com.br\/site\/wp-json\/wp\/v2\/posts\/4083\/revisions"}],"predecessor-version":[{"id":4097,"href":"https:\/\/seminarioconcordia.com.br\/site\/wp-json\/wp\/v2\/posts\/4083\/revisions\/4097"}],"wp:featuredmedia":[{"embeddable":true,"href":"https:\/\/seminarioconcordia.com.br\/site\/wp-json\/wp\/v2\/media\/4093"}],"wp:attachment":[{"href":"https:\/\/seminarioconcordia.com.br\/site\/wp-json\/wp\/v2\/media?parent=4083"}],"wp:term":[{"taxonomy":"category","embeddable":true,"href":"https:\/\/seminarioconcordia.com.br\/site\/wp-json\/wp\/v2\/categories?post=4083"},{"taxonomy":"post_tag","embeddable":true,"href":"https:\/\/seminarioconcordia.com.br\/site\/wp-json\/wp\/v2\/tags?post=4083"}],"curies":[{"name":"wp","href":"https:\/\/api.w.org\/{rel}","templated":true}]}}