{"id":4065,"date":"2023-12-07T14:00:07","date_gmt":"2023-12-07T17:00:07","guid":{"rendered":"https:\/\/seminarioconcordia.com.br\/site\/?p=4065"},"modified":"2023-12-07T14:00:07","modified_gmt":"2023-12-07T17:00:07","slug":"formatura","status":"publish","type":"post","link":"https:\/\/seminarioconcordia.com.br\/site\/2023\/12\/07\/formatura\/","title":{"rendered":"FORMATURA"},"content":{"rendered":"\n<p>&nbsp;&nbsp;&nbsp;&nbsp;&nbsp;&nbsp;&nbsp;&nbsp;&nbsp;&nbsp;&nbsp; <\/p>\n\n\n\n<figure class=\"wp-block-image size-full\"><img loading=\"lazy\" decoding=\"async\" width=\"571\" height=\"800\" src=\"https:\/\/seminarioconcordia.com.br\/site\/wp-content\/uploads\/2023\/11\/convite-formatura-site.jpg\" alt=\"\" class=\"wp-image-3981\" srcset=\"https:\/\/seminarioconcordia.com.br\/site\/wp-content\/uploads\/2023\/11\/convite-formatura-site.jpg 571w, https:\/\/seminarioconcordia.com.br\/site\/wp-content\/uploads\/2023\/11\/convite-formatura-site-214x300.jpg 214w, https:\/\/seminarioconcordia.com.br\/site\/wp-content\/uploads\/2023\/11\/convite-formatura-site-107x150.jpg 107w\" sizes=\"auto, (max-width: 571px) 100vw, 571px\" \/><\/figure>\n\n\n\n<p>H\u00e1 120 anos, o Semin\u00e1rio Conc\u00f3rdia de S\u00e3o Leopoldo, RS vem formando pastores para a\u00a0Igreja Evang\u00e9lica Luterana do Brasil.<\/p>\n\n\n\n<p>Neste momento em que lembramos de todas as d\u00e1divas que Deus nos tem concedido, temos a alegria de convidar voc\u00ea para o Culto de A\u00e7\u00e3o de Gra\u00e7as e Habilita\u00e7\u00e3o ao Of\u00edcio do Minist\u00e9rio Pastoral, que ocorrer\u00e1 no dia 9 de dezembro de 2023, \u00e0s 17h.\u00a0<\/p>\n\n\n\n<p>Haver\u00e1 transmiss\u00e3o pelas p\u00e1ginas do Semin\u00e1rio Conc\u00f3rdia no <a href=\"https:\/\/www.facebook.com\/SeminarioConcordiaIELB\">Facebook<\/a> e no <a href=\"https:\/\/www.youtube.com\/@seminarioconcordiaielb\">Youtube<\/a>. <\/p>\n\n\n\n<p><\/p>\n","protected":false},"excerpt":{"rendered":"<p>Programa\u00e7\u00e3o ser\u00e1 no dia 9 de dezembro de 2023, \u00e0s 17h, e transmitida ao vivo nos canais do Semin\u00e1rio Conc\u00f3rdia<\/p>\n","protected":false},"author":2,"featured_media":3981,"comment_status":"closed","ping_status":"closed","sticky":false,"template":"","format":"standard","meta":{"footnotes":""},"categories":[74,6,28,39,32,78,92],"tags":[27,40,144,34,129,49,124],"class_list":["post-4065","post","type-post","status-publish","format-standard","has-post-thumbnail","hentry","category-alunos","category-aulas","category-autorizacao","category-culto","category-formatura","category-graduacao","category-professor","tag-alunos","tag-culto","tag-estudantes","tag-formatura","tag-professores","tag-seminario","tag-seminaristas"],"_links":{"self":[{"href":"https:\/\/seminarioconcordia.com.br\/site\/wp-json\/wp\/v2\/posts\/4065","targetHints":{"allow":["GET"]}}],"collection":[{"href":"https:\/\/seminarioconcordia.com.br\/site\/wp-json\/wp\/v2\/posts"}],"about":[{"href":"https:\/\/seminarioconcordia.com.br\/site\/wp-json\/wp\/v2\/types\/post"}],"author":[{"embeddable":true,"href":"https:\/\/seminarioconcordia.com.br\/site\/wp-json\/wp\/v2\/users\/2"}],"replies":[{"embeddable":true,"href":"https:\/\/seminarioconcordia.com.br\/site\/wp-json\/wp\/v2\/comments?post=4065"}],"version-history":[{"count":1,"href":"https:\/\/seminarioconcordia.com.br\/site\/wp-json\/wp\/v2\/posts\/4065\/revisions"}],"predecessor-version":[{"id":4067,"href":"https:\/\/seminarioconcordia.com.br\/site\/wp-json\/wp\/v2\/posts\/4065\/revisions\/4067"}],"wp:featuredmedia":[{"embeddable":true,"href":"https:\/\/seminarioconcordia.com.br\/site\/wp-json\/wp\/v2\/media\/3981"}],"wp:attachment":[{"href":"https:\/\/seminarioconcordia.com.br\/site\/wp-json\/wp\/v2\/media?parent=4065"}],"wp:term":[{"taxonomy":"category","embeddable":true,"href":"https:\/\/seminarioconcordia.com.br\/site\/wp-json\/wp\/v2\/categories?post=4065"},{"taxonomy":"post_tag","embeddable":true,"href":"https:\/\/seminarioconcordia.com.br\/site\/wp-json\/wp\/v2\/tags?post=4065"}],"curies":[{"name":"wp","href":"https:\/\/api.w.org\/{rel}","templated":true}]}}