{"id":4053,"date":"2023-12-05T16:31:01","date_gmt":"2023-12-05T19:31:01","guid":{"rendered":"https:\/\/seminarioconcordia.com.br\/site\/?p=4053"},"modified":"2023-12-05T16:47:51","modified_gmt":"2023-12-05T19:47:51","slug":"saiba-para-onde-irao-os-estagiarios-e-formandos-em-2024dia-do-chamado-e-designacao-do-estagio-2023","status":"publish","type":"post","link":"https:\/\/seminarioconcordia.com.br\/site\/2023\/12\/05\/saiba-para-onde-irao-os-estagiarios-e-formandos-em-2024dia-do-chamado-e-designacao-do-estagio-2023\/","title":{"rendered":"SAIBA PARA ONDE IR\u00c3O OS ESTAGI\u00c1RIOS E FORMANDOS EM 2024DIA DO CHAMADO E DESIGNA\u00c7\u00c3O DO EST\u00c1GIO 2023"},"content":{"rendered":"\n<p><\/p>\n\n\n\n<p><em>Texto e fotos: Luana Lemke<br>Assessora de Comunica\u00e7\u00e3o da IELB<\/em><\/p>\n\n\n\n<p>No dia 1\u00ba de dezembro, aconteceu, nas depend\u00eancias do Semin\u00e1rio Conc\u00f3rdia, de S\u00e3o Leopoldo, RS, o culto de designa\u00e7\u00e3o dos estagi\u00e1rios, juntamente com o &#8220;Dia do Chamado&#8221;, em que os formandos de 2023 recebem a carta informativa do local de onde ir\u00e3o receber o primeiro chamado.<\/p>\n\n\n\n<figure class=\"wp-block-image size-large\"><img loading=\"lazy\" decoding=\"async\" width=\"1024\" height=\"683\" src=\"https:\/\/seminarioconcordia.com.br\/site\/wp-content\/uploads\/2023\/12\/chamado-3-1024x683.jpg\" alt=\"\" class=\"wp-image-4057\" srcset=\"https:\/\/seminarioconcordia.com.br\/site\/wp-content\/uploads\/2023\/12\/chamado-3-1024x683.jpg 1024w, https:\/\/seminarioconcordia.com.br\/site\/wp-content\/uploads\/2023\/12\/chamado-3-300x200.jpg 300w, https:\/\/seminarioconcordia.com.br\/site\/wp-content\/uploads\/2023\/12\/chamado-3-150x100.jpg 150w, https:\/\/seminarioconcordia.com.br\/site\/wp-content\/uploads\/2023\/12\/chamado-3-768x512.jpg 768w, https:\/\/seminarioconcordia.com.br\/site\/wp-content\/uploads\/2023\/12\/chamado-3-1536x1024.jpg 1536w, https:\/\/seminarioconcordia.com.br\/site\/wp-content\/uploads\/2023\/12\/chamado-3-2048x1365.jpg 2048w\" sizes=\"auto, (max-width: 1024px) 100vw, 1024px\" \/><\/figure>\n\n\n\n<p>A liturgia do culto foi oficiada pelo professor e diretor do Semin\u00e1rio Conc\u00f3rdia, dr. Gerson Linden, a mensagem dirigida pelo vice-presidente de Ensino, pastor Joel M\u00fcller, e a m\u00fasica pelo prof. me. Raul Blum. O culto foi realizado de forma presencial e tamb\u00e9m transmitido pela p\u00e1gina do YouTube da IELB (<a href=\"https:\/\/ielb.info\/diadochamado2023\" target=\"_blank\" rel=\"noreferrer noopener\">assista aqui<\/a>).<\/p>\n\n\n\n<figure class=\"wp-block-image size-large\"><img loading=\"lazy\" decoding=\"async\" width=\"1024\" height=\"683\" src=\"https:\/\/seminarioconcordia.com.br\/site\/wp-content\/uploads\/2023\/12\/chamado-1-1024x683.jpg\" alt=\"\" class=\"wp-image-4056\" srcset=\"https:\/\/seminarioconcordia.com.br\/site\/wp-content\/uploads\/2023\/12\/chamado-1-1024x683.jpg 1024w, https:\/\/seminarioconcordia.com.br\/site\/wp-content\/uploads\/2023\/12\/chamado-1-300x200.jpg 300w, https:\/\/seminarioconcordia.com.br\/site\/wp-content\/uploads\/2023\/12\/chamado-1-150x100.jpg 150w, https:\/\/seminarioconcordia.com.br\/site\/wp-content\/uploads\/2023\/12\/chamado-1-768x512.jpg 768w, https:\/\/seminarioconcordia.com.br\/site\/wp-content\/uploads\/2023\/12\/chamado-1-1536x1024.jpg 1536w, https:\/\/seminarioconcordia.com.br\/site\/wp-content\/uploads\/2023\/12\/chamado-1-2048x1365.jpg 2048w\" sizes=\"auto, (max-width: 1024px) 100vw, 1024px\" \/><\/figure>\n\n\n\n<p>A designa\u00e7\u00e3o dos locais de est\u00e1gios para os 15 estudantes do quarto ano de Teologia foi feita pelo prof. me. Raul Blum, coordenador de est\u00e1gios do Semin\u00e1rio, e pelo vice-presidente de Ensino, pastor Joel M\u00fcller. J\u00e1 os chamados dos 13 alunos do sexto ano foram anunciados pelo presidente da IELB, pastor Geraldo Sch\u00fcler, e pelo vice-presidente de Expans\u00e3o Mission\u00e1ria da IELB, pastor Heder Gumz.<\/p>\n\n\n\n<figure class=\"wp-block-image size-large\"><img loading=\"lazy\" decoding=\"async\" width=\"1024\" height=\"683\" src=\"https:\/\/seminarioconcordia.com.br\/site\/wp-content\/uploads\/2023\/12\/chamado-6-1024x683.jpg\" alt=\"\" class=\"wp-image-4059\" srcset=\"https:\/\/seminarioconcordia.com.br\/site\/wp-content\/uploads\/2023\/12\/chamado-6-1024x683.jpg 1024w, https:\/\/seminarioconcordia.com.br\/site\/wp-content\/uploads\/2023\/12\/chamado-6-300x200.jpg 300w, https:\/\/seminarioconcordia.com.br\/site\/wp-content\/uploads\/2023\/12\/chamado-6-150x100.jpg 150w, https:\/\/seminarioconcordia.com.br\/site\/wp-content\/uploads\/2023\/12\/chamado-6-768x512.jpg 768w, https:\/\/seminarioconcordia.com.br\/site\/wp-content\/uploads\/2023\/12\/chamado-6-1536x1024.jpg 1536w, https:\/\/seminarioconcordia.com.br\/site\/wp-content\/uploads\/2023\/12\/chamado-6-2048x1365.jpg 2048w\" sizes=\"auto, (max-width: 1024px) 100vw, 1024px\" \/><\/figure>\n\n\n\n<p>Os formandos receber\u00e3o seus chamados no dia da formatura, que ser\u00e1 no dia 9 de dezembro, \u00e0s 17h, no campus do Semin\u00e1rio Conc\u00f3rdia.<\/p>\n\n\n\n<figure class=\"wp-block-image size-large\"><img loading=\"lazy\" decoding=\"async\" width=\"1024\" height=\"683\" src=\"https:\/\/seminarioconcordia.com.br\/site\/wp-content\/uploads\/2023\/12\/chamado-14-1024x683.jpg\" alt=\"\" class=\"wp-image-4061\" srcset=\"https:\/\/seminarioconcordia.com.br\/site\/wp-content\/uploads\/2023\/12\/chamado-14-1024x683.jpg 1024w, https:\/\/seminarioconcordia.com.br\/site\/wp-content\/uploads\/2023\/12\/chamado-14-300x200.jpg 300w, https:\/\/seminarioconcordia.com.br\/site\/wp-content\/uploads\/2023\/12\/chamado-14-150x100.jpg 150w, https:\/\/seminarioconcordia.com.br\/site\/wp-content\/uploads\/2023\/12\/chamado-14-768x512.jpg 768w, https:\/\/seminarioconcordia.com.br\/site\/wp-content\/uploads\/2023\/12\/chamado-14-1536x1024.jpg 1536w, https:\/\/seminarioconcordia.com.br\/site\/wp-content\/uploads\/2023\/12\/chamado-14-2048x1365.jpg 2048w\" sizes=\"auto, (max-width: 1024px) 100vw, 1024px\" \/><\/figure>\n\n\n\n<p>Confira abaixo a lista com os nomes e locais para onde ir\u00e3o os estagi\u00e1rios e os formandos em 2024:<\/p>\n\n\n\n<figure class=\"wp-block-image size-large\"><img loading=\"lazy\" decoding=\"async\" width=\"1024\" height=\"683\" src=\"https:\/\/seminarioconcordia.com.br\/site\/wp-content\/uploads\/2023\/12\/chamado-7-1024x683.jpg\" alt=\"\" class=\"wp-image-4060\" srcset=\"https:\/\/seminarioconcordia.com.br\/site\/wp-content\/uploads\/2023\/12\/chamado-7-1024x683.jpg 1024w, https:\/\/seminarioconcordia.com.br\/site\/wp-content\/uploads\/2023\/12\/chamado-7-300x200.jpg 300w, https:\/\/seminarioconcordia.com.br\/site\/wp-content\/uploads\/2023\/12\/chamado-7-150x100.jpg 150w, https:\/\/seminarioconcordia.com.br\/site\/wp-content\/uploads\/2023\/12\/chamado-7-768x512.jpg 768w, https:\/\/seminarioconcordia.com.br\/site\/wp-content\/uploads\/2023\/12\/chamado-7-1536x1024.jpg 1536w, https:\/\/seminarioconcordia.com.br\/site\/wp-content\/uploads\/2023\/12\/chamado-7-2048x1365.jpg 2048w\" sizes=\"auto, (max-width: 1024px) 100vw, 1024px\" \/><\/figure>\n\n\n\n<p><strong>ESTAGI\u00c1RIOS<\/strong><\/p>\n\n\n\n<p>1. Alessandro de Goes de Avila \u2013 CEL Trindade e DIPARSUL, Imbituva, PR (Orientador: pastor Daniel Peplinski &#8211; Conselheiro Distrital)<\/p>\n\n\n\n<p>2. Alexandre Gonzales Saller \u2013 CEL Bom Pastor, Floriano, PI (Orientador: pastor Josu\u00e9 Malakoske)<\/p>\n\n\n\n<p>3. Di\u00f4nata dos Passos Oliveira \u2013 Nova Petr\u00f3polis, RS (Orientador: pastor Leandro Born -Conselheiro Distrital)<\/p>\n\n\n\n<p>4. Gabriel Lucas Lange \u2013 S\u00e3o Jos\u00e9 do Campos, SP (Orientador: pastor Lucas Pinz Graffunder)<\/p>\n\n\n\n<p>5. Glademir Ivan Doebber \u2013 CEL da Reden\u00e7\u00e3o, Pelotas, RS (Orientadores: pastores Valdir Lopes Jr. e Cl\u00e1udio Santos)<\/p>\n\n\n\n<p>6. Gustavo Eduardo Rannow \u2013 CEL Farroupilha, Piratini, RS (Orientador: pastor Lauri Pinnow)<\/p>\n\n\n\n<p>7. Gustavo Pinz Dreyer \u2013 CEL Emanuel, Santa Rita, Alto Paran\u00e1, Paraguay (Orientador: pastor Nei Poerner)<\/p>\n\n\n\n<p>8. Henrique Gehm \u2013 CEL Castelo Forte, S\u00e3o Bernardo do Campo, SP (Orientador: pastor Adr\u00e9 Francisco Krug Kurz &#8211; Conselheiro Distrital)<\/p>\n\n\n\n<p>9. Jeancarlo Israel Talasca Arend \u2013 CEL Unidos em Cristo, Mal. C\u00e2ndido Rondon, Vila Ga\u00facha, PR (Orientador: pastor Cl\u00e1udio Renato B\u00fcndchen)<\/p>\n\n\n\n<p>10. Leonardo de Lima Batista \u2013 CEL Cristo Redentor, Pelotas, RS (Orientador: pastor Andr\u00e9 Levi Klein)<\/p>\n\n\n\n<p>11. Leonardo Germano Kaiser \u2013 CEL Da Paz, Caxias do Sul, RS (Orientador: pastor Roni Rosenberger)<\/p>\n\n\n\n<p>12. Ricardo Duarte M\u00fcller \u2013 CEL Martinho Lutero, Planaltina, DF (Orientador: pastor Klaus Kuchenbecker &#8211; Conselheiro Distrital)<\/p>\n\n\n\n<p>13. Samuel Milke \u2013 CEL Nova Vida, Guarapari, ES (Orientador: pastor Walace Uhylig da Silva, Conselheiro Distrital)<\/p>\n\n\n\n<p>14. Victor Rodrigues Hellwig \u2013 CEL Esperan\u00e7a, Eun\u00e1polis, BA (Orientador: pastor Charles S. Voigt Ledebuhr)<\/p>\n\n\n\n<p>15. Wesley Adonai Talasca Arend \u2013 CEL Sant\u00edssima Trindade, Ji-Paran\u00e1, RO (Orientador: pastor Miqu\u00e9ias Eller &#8211; Conselheiro Distrital)<\/p>\n\n\n\n<figure class=\"wp-block-image size-large\"><img loading=\"lazy\" decoding=\"async\" width=\"1024\" height=\"683\" src=\"https:\/\/seminarioconcordia.com.br\/site\/wp-content\/uploads\/2023\/12\/chamado-21-1024x683.jpg\" alt=\"\" class=\"wp-image-4062\" srcset=\"https:\/\/seminarioconcordia.com.br\/site\/wp-content\/uploads\/2023\/12\/chamado-21-1024x683.jpg 1024w, https:\/\/seminarioconcordia.com.br\/site\/wp-content\/uploads\/2023\/12\/chamado-21-300x200.jpg 300w, https:\/\/seminarioconcordia.com.br\/site\/wp-content\/uploads\/2023\/12\/chamado-21-150x100.jpg 150w, https:\/\/seminarioconcordia.com.br\/site\/wp-content\/uploads\/2023\/12\/chamado-21-768x512.jpg 768w, https:\/\/seminarioconcordia.com.br\/site\/wp-content\/uploads\/2023\/12\/chamado-21-1536x1024.jpg 1536w, https:\/\/seminarioconcordia.com.br\/site\/wp-content\/uploads\/2023\/12\/chamado-21-2048x1365.jpg 2048w\" sizes=\"auto, (max-width: 1024px) 100vw, 1024px\" \/><\/figure>\n\n\n\n<p><strong>FORMANDOS<\/strong><\/p>\n\n\n\n<p>1. Anderson Neiverth \u2013 Congrega\u00e7\u00e3o Castelo Forte, Sapiranga, RS<\/p>\n\n\n\n<p>2. Bruno Hasse Salom\u00e3o \u2013 Congrega\u00e7\u00e3o Cristo, Duque de Caxias, RJ<\/p>\n\n\n\n<p>3. Eduardo Laga\u00e7o \u2013 Congrega\u00e7\u00e3o Esperan\u00e7a, Ariquemes, RO<\/p>\n\n\n\n<p>4. Guilherme Andr\u00e9 Kn\u00fcpfer \u2013 Alemanha<\/p>\n\n\n\n<p>5. Jo\u00e3o Paulo Caboclo Chaves \u2013 Congrega\u00e7\u00e3o Cristo, Ju\u00edna, MT<\/p>\n\n\n\n<p>6. Juliano M\u00fclling Timm \u2013 Congrega\u00e7\u00e3o S\u00e3o Paulo, Bom Jardim do Sul, Iva\u00ed, PR<\/p>\n\n\n\n<p>7. Marcos Grinevald Falk \u2013 Congrega\u00e7\u00e3o Cristo Rei, Tail\u00e2ndia, PA<\/p>\n\n\n\n<p>8. Marthyn Ademar Bauer \u2013 Congrega\u00e7\u00e3o S\u00e3o Pedro, Pontal do Paran\u00e1, PR<\/p>\n\n\n\n<p>9. Nathan Felipe Hoffmann \u2013 Congrega\u00e7\u00e3o Dr. Martinho Lutero, Campo Grande, MS<\/p>\n\n\n\n<p>10. Pedro Henrique Schmidt Pinheiro \u2013 Congrega\u00e7\u00e3o Palavra da Vida, Itumbiara, GO<\/p>\n\n\n\n<p>11. Ramon Augusto Pedro \u2013 Congrega\u00e7\u00e3o Cristo Redentor, Macei\u00f3, AL<\/p>\n\n\n\n<p>12. Richard Henry Pieper \u2013 Congrega\u00e7\u00e3o Rondon do Par\u00e1, Rondon do Par\u00e1, PA<\/p>\n\n\n\n<p>13. Silas Schmidt Tomm \u2013 Congrega\u00e7\u00e3o Bom Pastor, Campo Er\u00ea, SC<\/p>\n\n\n\n<p>Veja o \u00e1lbum de fotos em <a href=\"https:\/\/ielb.info\/fotos-chamado\">https:\/\/ielb.info\/fotos-chamado<\/a>.<\/p>\n","protected":false},"excerpt":{"rendered":"<p>IELB ir\u00e1 receber 13 novos pastores e 15 estagi\u00e1rios no pr\u00f3ximo ano<\/p>\n","protected":false},"author":2,"featured_media":4058,"comment_status":"open","ping_status":"open","sticky":false,"template":"","format":"standard","meta":{"footnotes":""},"categories":[74,79,5,32],"tags":[27,149,150,144,139,31,152,124],"class_list":["post-4053","post","type-post","status-publish","format-standard","has-post-thumbnail","hentry","category-alunos","category-estagio","category-eventos","category-formatura","tag-alunos","tag-chamado","tag-estagio-2","tag-estudantes","tag-familia","tag-formandos","tag-live","tag-seminaristas"],"_links":{"self":[{"href":"https:\/\/seminarioconcordia.com.br\/site\/wp-json\/wp\/v2\/posts\/4053","targetHints":{"allow":["GET"]}}],"collection":[{"href":"https:\/\/seminarioconcordia.com.br\/site\/wp-json\/wp\/v2\/posts"}],"about":[{"href":"https:\/\/seminarioconcordia.com.br\/site\/wp-json\/wp\/v2\/types\/post"}],"author":[{"embeddable":true,"href":"https:\/\/seminarioconcordia.com.br\/site\/wp-json\/wp\/v2\/users\/2"}],"replies":[{"embeddable":true,"href":"https:\/\/seminarioconcordia.com.br\/site\/wp-json\/wp\/v2\/comments?post=4053"}],"version-history":[{"count":3,"href":"https:\/\/seminarioconcordia.com.br\/site\/wp-json\/wp\/v2\/posts\/4053\/revisions"}],"predecessor-version":[{"id":4064,"href":"https:\/\/seminarioconcordia.com.br\/site\/wp-json\/wp\/v2\/posts\/4053\/revisions\/4064"}],"wp:featuredmedia":[{"embeddable":true,"href":"https:\/\/seminarioconcordia.com.br\/site\/wp-json\/wp\/v2\/media\/4058"}],"wp:attachment":[{"href":"https:\/\/seminarioconcordia.com.br\/site\/wp-json\/wp\/v2\/media?parent=4053"}],"wp:term":[{"taxonomy":"category","embeddable":true,"href":"https:\/\/seminarioconcordia.com.br\/site\/wp-json\/wp\/v2\/categories?post=4053"},{"taxonomy":"post_tag","embeddable":true,"href":"https:\/\/seminarioconcordia.com.br\/site\/wp-json\/wp\/v2\/tags?post=4053"}],"curies":[{"name":"wp","href":"https:\/\/api.w.org\/{rel}","templated":true}]}}