{"id":4047,"date":"2023-11-30T13:59:59","date_gmt":"2023-11-30T16:59:59","guid":{"rendered":"https:\/\/seminarioconcordia.com.br\/site\/?p=4047"},"modified":"2023-11-30T13:59:59","modified_gmt":"2023-11-30T16:59:59","slug":"dia-do-chamado-e-designacao-do-estagio-2023","status":"publish","type":"post","link":"https:\/\/seminarioconcordia.com.br\/site\/2023\/11\/30\/dia-do-chamado-e-designacao-do-estagio-2023\/","title":{"rendered":"DIA DO CHAMADO E DESIGNA\u00c7\u00c3O DO EST\u00c1GIO 2023"},"content":{"rendered":"\n<p><\/p>\n\n\n\n<p>Acompanhe nesta sexta-feira, 1\u00ba de dezembro, \u00e0s 17h, a transmiss\u00e3o ao vivo do culto de designa\u00e7\u00e3o dos estagi\u00e1rios, juntamente com o &#8220;Dia do Chamado&#8221;, em que os formandos de Teologia do Semin\u00e1rio Conc\u00f3rdia de 2023 recebem a carta informativa do local de onde ir\u00e3o receber o chamado. Assista em <a href=\"https:\/\/ielb.info\/diadochamado2023\">https:\/\/ielb.info\/diadochamado2023<\/a>.<\/p>\n\n\n\n<figure class=\"wp-block-image size-full\"><img loading=\"lazy\" decoding=\"async\" width=\"640\" height=\"800\" src=\"https:\/\/seminarioconcordia.com.br\/site\/wp-content\/uploads\/2023\/11\/post-chamado.png\" alt=\"\" class=\"wp-image-4048\" srcset=\"https:\/\/seminarioconcordia.com.br\/site\/wp-content\/uploads\/2023\/11\/post-chamado.png 640w, https:\/\/seminarioconcordia.com.br\/site\/wp-content\/uploads\/2023\/11\/post-chamado-240x300.png 240w, https:\/\/seminarioconcordia.com.br\/site\/wp-content\/uploads\/2023\/11\/post-chamado-120x150.png 120w\" sizes=\"auto, (max-width: 640px) 100vw, 640px\" \/><\/figure>\n","protected":false},"excerpt":{"rendered":"<p>Assista \u00e0 transmiss\u00e3o no dia 1\u00ba de dezembro, \u00e0s 17h, no canal do Youtube da IELB<\/p>\n","protected":false},"author":2,"featured_media":4048,"comment_status":"open","ping_status":"open","sticky":false,"template":"","format":"standard","meta":{"footnotes":""},"categories":[74,79,5,32],"tags":[27,149,150,144,139,31,152,124],"class_list":["post-4047","post","type-post","status-publish","format-standard","has-post-thumbnail","hentry","category-alunos","category-estagio","category-eventos","category-formatura","tag-alunos","tag-chamado","tag-estagio-2","tag-estudantes","tag-familia","tag-formandos","tag-live","tag-seminaristas"],"_links":{"self":[{"href":"https:\/\/seminarioconcordia.com.br\/site\/wp-json\/wp\/v2\/posts\/4047","targetHints":{"allow":["GET"]}}],"collection":[{"href":"https:\/\/seminarioconcordia.com.br\/site\/wp-json\/wp\/v2\/posts"}],"about":[{"href":"https:\/\/seminarioconcordia.com.br\/site\/wp-json\/wp\/v2\/types\/post"}],"author":[{"embeddable":true,"href":"https:\/\/seminarioconcordia.com.br\/site\/wp-json\/wp\/v2\/users\/2"}],"replies":[{"embeddable":true,"href":"https:\/\/seminarioconcordia.com.br\/site\/wp-json\/wp\/v2\/comments?post=4047"}],"version-history":[{"count":1,"href":"https:\/\/seminarioconcordia.com.br\/site\/wp-json\/wp\/v2\/posts\/4047\/revisions"}],"predecessor-version":[{"id":4049,"href":"https:\/\/seminarioconcordia.com.br\/site\/wp-json\/wp\/v2\/posts\/4047\/revisions\/4049"}],"wp:featuredmedia":[{"embeddable":true,"href":"https:\/\/seminarioconcordia.com.br\/site\/wp-json\/wp\/v2\/media\/4048"}],"wp:attachment":[{"href":"https:\/\/seminarioconcordia.com.br\/site\/wp-json\/wp\/v2\/media?parent=4047"}],"wp:term":[{"taxonomy":"category","embeddable":true,"href":"https:\/\/seminarioconcordia.com.br\/site\/wp-json\/wp\/v2\/categories?post=4047"},{"taxonomy":"post_tag","embeddable":true,"href":"https:\/\/seminarioconcordia.com.br\/site\/wp-json\/wp\/v2\/tags?post=4047"}],"curies":[{"name":"wp","href":"https:\/\/api.w.org\/{rel}","templated":true}]}}