{"id":2630,"date":"2022-03-29T22:33:47","date_gmt":"2022-03-30T01:33:47","guid":{"rendered":"https:\/\/seminarioconcordia.com.br\/site\/?p=2630"},"modified":"2022-03-29T22:33:47","modified_gmt":"2022-03-30T01:33:47","slug":"retomada-das-atividades-presenciais-da-asas","status":"publish","type":"post","link":"https:\/\/seminarioconcordia.com.br\/site\/2022\/03\/29\/retomada-das-atividades-presenciais-da-asas\/","title":{"rendered":"Retomada das atividades presenciais da ASAS"},"content":{"rendered":"\n<div class=\"wp-block-image\"><figure class=\"aligncenter size-large is-resized\"><img loading=\"lazy\" decoding=\"async\" src=\"https:\/\/seminarioconcordia.com.br\/site\/wp-content\/uploads\/2022\/03\/03_29_2022_asas_esposas-1-1024x682.png\" alt=\"\" class=\"wp-image-2632\" width=\"768\" height=\"512\" srcset=\"https:\/\/seminarioconcordia.com.br\/site\/wp-content\/uploads\/2022\/03\/03_29_2022_asas_esposas-1-1024x682.png 1024w, https:\/\/seminarioconcordia.com.br\/site\/wp-content\/uploads\/2022\/03\/03_29_2022_asas_esposas-1-300x200.png 300w, https:\/\/seminarioconcordia.com.br\/site\/wp-content\/uploads\/2022\/03\/03_29_2022_asas_esposas-1-150x100.png 150w, https:\/\/seminarioconcordia.com.br\/site\/wp-content\/uploads\/2022\/03\/03_29_2022_asas_esposas-1-768x512.png 768w, https:\/\/seminarioconcordia.com.br\/site\/wp-content\/uploads\/2022\/03\/03_29_2022_asas_esposas-1.png 1280w\" sizes=\"auto, (max-width: 768px) 100vw, 768px\" \/><figcaption>Encontro com esposas de alunos<\/figcaption><\/figure><\/div>\n\n\n\n<p>O m\u00eas de mar\u00e7o marcou a volta da agenda presencial da Associa\u00e7\u00e3o de Servas Amigas do Semin\u00e1rio (ASAS). Ap\u00f3s o per\u00edodo de pandemia e atividades restritas, foi poss\u00edvel arrega\u00e7ar mangas e com alegria renovada, encontrar alunos e fam\u00edlias. Foram tr\u00eas eventos realizados no campus do Semin\u00e1rio, al\u00e9m da oficina de c\u00edngulos com alunos do quarto ano teol\u00f3gico, no dia 11 de mar\u00e7o.<\/p>\n\n\n\n<p>O primeiro evento, no dia 18 de mar\u00e7o, foi a confraterniza\u00e7\u00e3o de in\u00edcio de ano entre a diretoria e as esposas de alunos, um momento especial para conhecer um pouco as origens de cada uma e falar sobre o motivo da nossa uni\u00e3o: o amor de Deus revelado em seu Filho, Jesus Cristo.<\/p>\n\n\n\n<p>No domingo, 20, foi dia de atividade ao ar livre. ASAS e o Diret\u00f3rio Acad\u00eamico Martinho Lutero (DAMAL) promoveram o domingo de integra\u00e7\u00e3o para alunos, professores e fam\u00edlias.<\/p>\n\n\n\n<p>Finalmente, no dia 22, aconteceu a primeira assembleia do ano, que reuniu diretoria e servas da regi\u00e3o metropolitana, na parte a manh\u00e3. Al\u00e9m da devo\u00e7\u00e3o, conduzida pela senhora Elenir Kinas, da palavra do professor Leonidio G\u00f6rl, representando a dire\u00e7\u00e3o do Semin\u00e1rio, houve neste dia a elei\u00e7\u00e3o da nova diretoria para o bi\u00eanio 2022\/2023. Encerrando as atividades do dia, o encontro com os alunos do primeiro ano teol\u00f3gico.<\/p>\n\n\n\n<p>A ASAS \u00e9 uma entidade sem fins lucrativos, formada por senhoras que buscam cooperar com a dire\u00e7\u00e3o e o Conselho Administrativo do Semin\u00e1rio Conc\u00f3rdia, realizando projetos e dando apoio aos estudantes e seus familiares.<\/p>\n","protected":false},"excerpt":{"rendered":"<p>O m\u00eas de mar\u00e7o marcou a volta da agenda presencial da Associa\u00e7\u00e3o de Servas Amigas do Semin\u00e1rio (ASAS). Ap\u00f3s o per\u00edodo de pandemia e atividades restritas, foi poss\u00edvel arrega\u00e7ar mangas&#8230;<\/p>\n","protected":false},"author":2,"featured_media":2632,"comment_status":"closed","ping_status":"closed","sticky":false,"template":"","format":"standard","meta":{"footnotes":""},"categories":[20,64,5],"tags":[65,66,68,67],"class_list":["post-2630","post","type-post","status-publish","format-standard","has-post-thumbnail","hentry","category-acao","category-asas","category-eventos","tag-asas","tag-eventos","tag-familias","tag-integracao"],"_links":{"self":[{"href":"https:\/\/seminarioconcordia.com.br\/site\/wp-json\/wp\/v2\/posts\/2630","targetHints":{"allow":["GET"]}}],"collection":[{"href":"https:\/\/seminarioconcordia.com.br\/site\/wp-json\/wp\/v2\/posts"}],"about":[{"href":"https:\/\/seminarioconcordia.com.br\/site\/wp-json\/wp\/v2\/types\/post"}],"author":[{"embeddable":true,"href":"https:\/\/seminarioconcordia.com.br\/site\/wp-json\/wp\/v2\/users\/2"}],"replies":[{"embeddable":true,"href":"https:\/\/seminarioconcordia.com.br\/site\/wp-json\/wp\/v2\/comments?post=2630"}],"version-history":[{"count":1,"href":"https:\/\/seminarioconcordia.com.br\/site\/wp-json\/wp\/v2\/posts\/2630\/revisions"}],"predecessor-version":[{"id":2633,"href":"https:\/\/seminarioconcordia.com.br\/site\/wp-json\/wp\/v2\/posts\/2630\/revisions\/2633"}],"wp:featuredmedia":[{"embeddable":true,"href":"https:\/\/seminarioconcordia.com.br\/site\/wp-json\/wp\/v2\/media\/2632"}],"wp:attachment":[{"href":"https:\/\/seminarioconcordia.com.br\/site\/wp-json\/wp\/v2\/media?parent=2630"}],"wp:term":[{"taxonomy":"category","embeddable":true,"href":"https:\/\/seminarioconcordia.com.br\/site\/wp-json\/wp\/v2\/categories?post=2630"},{"taxonomy":"post_tag","embeddable":true,"href":"https:\/\/seminarioconcordia.com.br\/site\/wp-json\/wp\/v2\/tags?post=2630"}],"curies":[{"name":"wp","href":"https:\/\/api.w.org\/{rel}","templated":true}]}}